{"id":9989,"date":"2021-04-23T18:54:02","date_gmt":"2021-04-23T21:54:02","guid":{"rendered":"https:\/\/chacosintesis.com.ar\/?p=9989"},"modified":"2021-04-23T19:08:07","modified_gmt":"2021-04-23T22:08:07","slug":"claves-de-la-baja-de-edad-en-terapias-intensivas-mas-contagios-en-jovenes-y-mayores-vacunados","status":"publish","type":"post","link":"https:\/\/chacosintesis.com.ar\/index.php\/claves-de-la-baja-de-edad-en-terapias-intensivas-mas-contagios-en-jovenes-y-mayores-vacunados\/","title":{"rendered":"Claves de la baja de edad en terapias intensivas: m\u00e1s contagios en j\u00f3venes y mayores vacunados"},"content":{"rendered":"<div dir=\"ltr\">La explicaci\u00f3n de intensivistas e infect\u00f3logos es que las personas j\u00f3venes son los que m\u00e1s circulan -por trabajo, estudio, reuniones sociales- y que gran parte de los mayores de 70 a\u00f1os ya fueron vacunados.<\/p>\n<p>El promedio de edad de los pacientes con coronavirus internados en Unidades de Terapia Intensiva (UTI) descendi\u00f3 en esta segunda ola, seg\u00fan intensivistas e infect\u00f3logos, quienes establecieron como posibles causas que existe un gran n\u00famero de personas j\u00f3venes contagiadas y que gran parte de los mayores de 70 a\u00f1os ya fueron vacunados, lo que hace que no desarrollen formas graves de la enfermedad, adem\u00e1s de que sostienen los cuidados.<\/p>\n<p>&quot;Estamos viendo que el promedio de edad es menor de 60 a\u00f1os, incluso hay lugares donde tenemos pacientes de 40, 45 a\u00f1os con cuidados intensivos. El a\u00f1o pasado la media que nosotros ten\u00edamos era de alrededor de 70&quot;, describi\u00f3 a T\u00e9lam Rosa Reina, presidenta de la Sociedad Argentina de Terapia Intensiva (SATI). Seg\u00fan el \u00faltimo estudio realizado por la SATI el 16 de abril pasado, del que participaron 163 UTI&#39;s de todo el pa\u00eds, 84 (52%) p\u00fablicas y 79 privadas que representan 3.332 camas, la edad promedio de los pacientes internados en esos cuidados cr\u00edticos fue de 53 a\u00f1os (m\u00e1s menos 8 a\u00f1os).<\/p>\n<p>&quot;La explicaci\u00f3n que encontramos de esto es que los j\u00f3venes y adultos j\u00f3venes son los que m\u00e1s circulan -por trabajo, estudio, reuniones sociales- y los que todav\u00eda no se vacunaron, salvo alguna excepciones con comorbilidades&quot;, sostuvo Reina. Y continu\u00f3: &quot;En cambio, los mayores de 80 -que el a\u00f1o pasado tuvimos muchos-, hoy se est\u00e1n cuidando much\u00edsimo y la mayor\u00eda ya est\u00e1n vacunados&quot;. &quot;En principio \u00e9stas ser\u00edan las razones que identificamos; a\u00fan no tenemos claro si hay alguna incidencia de las variantes nuevas en esta disminuci\u00f3n de la edad de los casos graves&quot;, sostuvo.<\/p>\n<p>Al hacer un an\u00e1lisis de la proporci\u00f3n que representan las diferentes franjas etarias en las UTIs desde comienzos del a\u00f1o hasta hoy seg\u00fan los datos oficiales, el contador y senador correntino Mart\u00edn Barrionuevo encontr\u00f3 que los menores de 50 a\u00f1os representaban el 10,9% de las camas en la primera semana del a\u00f1o, mientras que actualmente (semana epidemiol\u00f3gica 15) representan el 21%. El rango de 50 a 69 se mantiene pr\u00e1cticamente en la misma proporci\u00f3n: la semana 1 del a\u00f1o significaban el 44,2% y la semana 15 (12 al 19 de abril) el 42,9%, mientras que las personas de m\u00e1s de 70 a\u00f1os pasaron de representar el 44,9% al 36,1% en el mismo per\u00edodo.<\/p>\n<p>Seg\u00fan los \u00faltimos datos del Ministerio de Salud, a este viernes se encuentran vacunados en todo el pa\u00eds el 41% de la poblaci\u00f3n entre 60 y 69 a\u00f1os, el 77% de los que tienen en 70 y 79 y el 72% de los de mayores 80 con al menos una dosis. &quot;La baja de la edad respecto del a\u00f1o pasado de los pacientes en cuidados intensivos es entre una y dos d\u00e9cadas&quot;, asegur\u00f3 por su parte la m\u00e9dica infect\u00f3loga Elena Obieta, integrante de la Sociedad Argentina de Infectolog\u00eda (SADI) y Jefa del Servicio de Enfermedades Transmisibles y Emergentes de la Municipalidad de San Isidro.<\/p>\n<p>La especialista explic\u00f3: &quot;Tenemos gente joven contagi\u00e1ndose mucho. Hemos visto una mujer de 24 a\u00f1os desaturando ox\u00edgeno, de 16 a\u00f1os en terapia, sin comorbilidades&quot;. &quot;Esto se explica por la gran cantidad de casos; si hay 100 casos y la probabilidad de que una persona joven se enferme de gravedad es del 0,2% es posible que no aparezca ninguno; pero si en lugar de 100 hay 10 mil casos, entonces puede ser que tengas dos&quot;, describi\u00f3.<\/p>\n<p>Obieta sostuvo que &quot;otro tema es que durante este a\u00f1o la mayor\u00eda de las personas de m\u00e1s 80 a\u00f1os se cuidaron mucho, se quedaron en sus casas y se adaptaron; en cambio los de m\u00e1s de 60 \u00f3 70 que est\u00e1n bien, al principio se cuidaron un poco y despu\u00e9s comenzaron a circular, muchos siguen trabajando, la mayor\u00eda est\u00e1n activos&quot;. &quot;A esta franja (de 60 a 79) se le suma que muchos todav\u00eda no est\u00e1n vacunados, entonces son los que quedaron m\u00e1s expuestos a enfermarse gravemente&quot;, a\u00f1adi\u00f3.<\/p>\n<p>\u00a0<\/p>\n<p>Sin correlato en las bases de datos<\/p>\n<p>\u00a0<\/p>\n<p>Sin embargo, seg\u00fan los datos volcados en el SISA (Sistema Integrado de Informaci\u00f3n de Argentina) y recopilados por el f\u00edsico e investigador del Conicet Jorge Aliaga, el promedio de edad de las personas internadas en terapia intensiva actualmente es de 62,4 a\u00f1os, levemente inferior a los 64 \u00f3 65 a\u00f1os que se sostuvo durante las semanas m\u00e1s cr\u00edticas del a\u00f1o pasado.<\/p>\n<p>&quot;Esto no significa que no sea como expresan quienes trabajan en las terapias intensivas, sino simplemente que es un dato que a\u00fan no se refleja en las bases y esto puede tratarse de un tema de carga de datos, de realidades diferentes en el pa\u00eds&quot;, explic\u00f3 Aliaga.<\/p>\n<p>En t\u00e9rminos estad\u00edsticos, el infect\u00f3logo Lautaro De Vedia, integrante de la SADI y m\u00e9dico del Hospital Mu\u00f1iz, tampoco observ\u00f3 en su centro de salud que la edad promedio haya descendido. &quot;Esto no implica que no tengamos casos de personas j\u00f3venes. De hecho, tenemos un chico de 25 y una persona de 40 a\u00f1os en este momento con cuidados intensivos; ahora, cuando saco el promedio en el hospital, no me da muy diferente al del a\u00f1o pasado y ronda en los 58 a\u00f1os&quot;, detall\u00f3. No obstante, a nivel observacional, De Vedia s\u00ed detect\u00f3 un menor ingreso de los mayores de 80 a\u00f1os. &quot;Por un lado, la mayor\u00eda ya est\u00e1 vacunado; por el otro, son y siempre fueron los que m\u00e1s se cuidan&quot;, concluy\u00f3.<\/p><\/div>\n","protected":false},"excerpt":{"rendered":"<p>La explicaci\u00f3n de intensivistas e infect\u00f3logos es que las personas j\u00f3venes son los que m\u00e1s circulan -por trabajo, estudio, reuniones sociales- y que gran parte de los mayores de 70 a\u00f1os ya fueron vacunados. El promedio de edad de los pacientes con coronavirus internados en Unidades de Terapia Intensiva (UTI) descendi\u00f3 en esta segunda ola, [&hellip;]<\/p>\n","protected":false},"author":1,"featured_media":9990,"comment_status":"closed","ping_status":"closed","sticky":false,"template":"","format":"standard","meta":{"footnotes":""},"categories":[8],"tags":[],"class_list":{"0":"post-9989","1":"post","2":"type-post","3":"status-publish","4":"format-standard","5":"has-post-thumbnail","7":"category-nacionales"},"_links":{"self":[{"href":"https:\/\/chacosintesis.com.ar\/index.php\/wp-json\/wp\/v2\/posts\/9989","targetHints":{"allow":["GET"]}}],"collection":[{"href":"https:\/\/chacosintesis.com.ar\/index.php\/wp-json\/wp\/v2\/posts"}],"about":[{"href":"https:\/\/chacosintesis.com.ar\/index.php\/wp-json\/wp\/v2\/types\/post"}],"author":[{"embeddable":true,"href":"https:\/\/chacosintesis.com.ar\/index.php\/wp-json\/wp\/v2\/users\/1"}],"replies":[{"embeddable":true,"href":"https:\/\/chacosintesis.com.ar\/index.php\/wp-json\/wp\/v2\/comments?post=9989"}],"version-history":[{"count":0,"href":"https:\/\/chacosintesis.com.ar\/index.php\/wp-json\/wp\/v2\/posts\/9989\/revisions"}],"wp:featuredmedia":[{"embeddable":true,"href":"https:\/\/chacosintesis.com.ar\/index.php\/wp-json\/wp\/v2\/media\/9990"}],"wp:attachment":[{"href":"https:\/\/chacosintesis.com.ar\/index.php\/wp-json\/wp\/v2\/media?parent=9989"}],"wp:term":[{"taxonomy":"category","embeddable":true,"href":"https:\/\/chacosintesis.com.ar\/index.php\/wp-json\/wp\/v2\/categories?post=9989"},{"taxonomy":"post_tag","embeddable":true,"href":"https:\/\/chacosintesis.com.ar\/index.php\/wp-json\/wp\/v2\/tags?post=9989"}],"curies":[{"name":"wp","href":"https:\/\/api.w.org\/{rel}","templated":true}]}}