{"id":9975,"date":"2021-04-22T17:11:05","date_gmt":"2021-04-22T20:11:05","guid":{"rendered":"https:\/\/chacosintesis.com.ar\/?p=9975"},"modified":"2021-04-22T17:36:41","modified_gmt":"2021-04-22T20:36:41","slug":"juan-grabois-fue-nombrado-funcionario-del-vaticano","status":"publish","type":"post","link":"https:\/\/chacosintesis.com.ar\/index.php\/juan-grabois-fue-nombrado-funcionario-del-vaticano\/","title":{"rendered":"Juan Grabois fue nombrado funcionario del Vaticano"},"content":{"rendered":"<div dir=\"ltr\">Ser\u00e1 miembro del Dicasterio para el Servicio del Desarrollo Humano Integral del Vaticano. Com\u00fanmente se lo considera el equivalente a un \u201cministerio social y ambiental\u201d. \u00bfCu\u00e1l es su funci\u00f3n?<\/p>\n<p>El dirigente social Juan Grabois fue designado miembro del Dicasterio para el Servicio del Desarrollo Humano Integral del Vaticano. Ocupar\u00e1 el cargo de miembro consultor. El \u00e1rea es considerada el &quot;ministerio social y ambiental&quot; de la Santa Sede y fue creada por el papa Francisco en 2016. <\/p>\n<p>El referente del Frente Patria Grande fue propuesto como miembro consultor por el titular del Dicasterio, el cardenal ghan\u00e9s Peter Turkson. La designaci\u00f3n del abogado y dirigente de los movimientos sociales fue luego respaldada, d\u00edas atr\u00e1s, por Francisco. Turkson ya hab\u00eda designado a Grabois como consultor del Pontificio Consejo de Justicia y Paz, una de las instituciones antecesoras al Dicasterio actual. <\/p>\n<p>El Dicasterio se destaca por los or\u00edgenes diversos y cosmopolitas de sus integrantes. Por ejemplo, los cardenales de Polonia Konrad Krajewski y de Per\u00fa, Pedro Barreto, entre los religiosos, y los laicos Renato Lima de Oliveira y Sean Callahan son algunos sus funcionario.<\/p>\n<p>La funci\u00f3n del \u201cministerio social y ambiental\u201d<\/p>\n<p>Con la firma de un decreto papal de agosto de 2016, se cre\u00f3 el 1 de enero de 2017 el Dicasterio para el Servicio del Desarrollo Humano Integral. Bajo su \u00f3rbita trabajan las fundaciones de orientaci\u00f3n social del Vaticano, como la Popolorum Progressio, enfocado en Am\u00e9rica Latina; y la Juan Pablo II, en el Sahel.<\/p>\n<p>El Papa consider\u00f3 entonces que el Dicasterio &quot;ser\u00e1 competente en las cuestiones que se refieren a las migraciones, los necesitados, los enfermos y los excluidos, los marginados y las v\u00edctimas de los conflictos armados y de las cat\u00e1strofes naturales, los encarcelados, los desempleados y las v\u00edctimas de cualquier forma de esclavitud y de tortura&quot;.<\/p>\n<p>En 2020, Francisco instituy\u00f3, bajo la \u00f3rbita del Dicasterio, la comisi\u00f3n vaticana Covid-19, que se encarga de centralizar los programas de la Santa Sede para la denominada pospandemia en temas sociales, ambientales y econ\u00f3micos.<\/p>\n<p>La reuni\u00f3n entre Guzm\u00e1n y Francisco<\/p>\n<p>El ministro de Econom\u00eda, Mart\u00edn Guzm\u00e1n, se hab\u00eda reunido la semana pasada en el Vaticano con el papa Francisco, en medio de su gira por Europa en b\u00fasqueda del apoyo pol\u00edtico para alcanzar un acuerdo con el Fondo Monetario Internacional ( FMI).<\/p>\n<p>Guzm\u00e1n le present\u00f3 al Sumo Pont\u00edfice las posiciones de Argentina sobre la renegociaci\u00f3n de la deuda con el FMI por 45 mil millones de d\u00f3lares y sobre &quot;c\u00f3mo abordar las problem\u00e1ticas de la arquitectura financiera y econ\u00f3mica internacional&quot; que &quot;est\u00e1n resultando en graves problemas sociales, econ\u00f3micos y de salud p\u00fablica en el mundo&quot;, repas\u00f3 el titular de la cartera nacional en un comunicado.<\/p>\n<p>El encuentro con Francisco ocurri\u00f3 una semana despu\u00e9s de que el Papa llamara al FMI y al Banco Mundial (BM) a &quot;desarrollar un plan global para enfrentar las crisis derivadas de la pandemia&quot;, dando a &quot;las naciones m\u00e1s pobres y menos desarrolladas una participaci\u00f3n efectiva en la toma de decisiones y facilitar el acceso al mercado internacional.<\/p>\n<p>Fuente: <a href=\"http:\/\/baenegocios.com\">baenegocios.com<\/a><\/div>\n","protected":false},"excerpt":{"rendered":"<p>Ser\u00e1 miembro del Dicasterio para el Servicio del Desarrollo Humano Integral del Vaticano. Com\u00fanmente se lo considera el equivalente a un \u201cministerio social y ambiental\u201d. \u00bfCu\u00e1l es su funci\u00f3n? El dirigente social Juan Grabois fue designado miembro del Dicasterio para el Servicio del Desarrollo Humano Integral del Vaticano. Ocupar\u00e1 el cargo de miembro consultor. El [&hellip;]<\/p>\n","protected":false},"author":1,"featured_media":9976,"comment_status":"closed","ping_status":"closed","sticky":false,"template":"","format":"standard","meta":{"footnotes":""},"categories":[8],"tags":[],"class_list":{"0":"post-9975","1":"post","2":"type-post","3":"status-publish","4":"format-standard","5":"has-post-thumbnail","7":"category-nacionales"},"_links":{"self":[{"href":"https:\/\/chacosintesis.com.ar\/index.php\/wp-json\/wp\/v2\/posts\/9975","targetHints":{"allow":["GET"]}}],"collection":[{"href":"https:\/\/chacosintesis.com.ar\/index.php\/wp-json\/wp\/v2\/posts"}],"about":[{"href":"https:\/\/chacosintesis.com.ar\/index.php\/wp-json\/wp\/v2\/types\/post"}],"author":[{"embeddable":true,"href":"https:\/\/chacosintesis.com.ar\/index.php\/wp-json\/wp\/v2\/users\/1"}],"replies":[{"embeddable":true,"href":"https:\/\/chacosintesis.com.ar\/index.php\/wp-json\/wp\/v2\/comments?post=9975"}],"version-history":[{"count":0,"href":"https:\/\/chacosintesis.com.ar\/index.php\/wp-json\/wp\/v2\/posts\/9975\/revisions"}],"wp:featuredmedia":[{"embeddable":true,"href":"https:\/\/chacosintesis.com.ar\/index.php\/wp-json\/wp\/v2\/media\/9976"}],"wp:attachment":[{"href":"https:\/\/chacosintesis.com.ar\/index.php\/wp-json\/wp\/v2\/media?parent=9975"}],"wp:term":[{"taxonomy":"category","embeddable":true,"href":"https:\/\/chacosintesis.com.ar\/index.php\/wp-json\/wp\/v2\/categories?post=9975"},{"taxonomy":"post_tag","embeddable":true,"href":"https:\/\/chacosintesis.com.ar\/index.php\/wp-json\/wp\/v2\/tags?post=9975"}],"curies":[{"name":"wp","href":"https:\/\/api.w.org\/{rel}","templated":true}]}}