{"id":9924,"date":"2021-04-19T19:56:41","date_gmt":"2021-04-19T22:56:41","guid":{"rendered":"https:\/\/chacosintesis.com.ar\/?p=9924"},"modified":"2021-04-19T20:07:23","modified_gmt":"2021-04-19T23:07:23","slug":"la-corte-asume-competencia-en-el-litigio-por-las-clases-presenciales-en-ciudad-de-buenos-aires","status":"publish","type":"post","link":"https:\/\/chacosintesis.com.ar\/index.php\/la-corte-asume-competencia-en-el-litigio-por-las-clases-presenciales-en-ciudad-de-buenos-aires\/","title":{"rendered":"La Corte asume competencia en el litigio por las clases presenciales en Ciudad de Buenos Aires"},"content":{"rendered":"<div dir=\"ltr\">La decisi\u00f3n de la Corte, que cont\u00f3 con el voto en disidencia de la Elena Higton, le dio a la Jefatura de Gabinete de la Naci\u00f3n un plazo de cinco d\u00edas para que conteste y aporte las pruebas que considere pertinentes.<\/p>\n<p>La Corte Suprema de Justicia se declar\u00f3 este lunes competente para analizar la presentaci\u00f3n de la Ciudad de Buenos Aires contra la suspensi\u00f3n de las clases presenciales en el distrito y anticip\u00f3 que le dar\u00e1 un tr\u00e1mite acelerado al expediente para resolver la cuesti\u00f3n.<\/p>\n<p>La resoluci\u00f3n de los ministros de la Corte se conoci\u00f3 en una jornada en la que se observ\u00f3 un alto acatamiento al paro docente en las escuelas de gesti\u00f3n p\u00fablica de la ciudad y actividad dispar en los establecimientos privados.<\/p>\n<p>La disputa por la presencialidad se centr\u00f3 en el \u00e1mbito judicial tras un fallo de la C\u00e1mara de Apelaciones que el domingo aval\u00f3 la vuelta a las aulas pese al decreto que ordenaba volver a la virtualidad en el AMBA frente a la exponencial suba de contagios de coronavirus, a lo que hoy se sum\u00f3 la decisi\u00f3n de la Corte de asumir la competencia en el litigio.<\/p>\n<p>Si bien la Corte no tiene plazos para expedirse, anticip\u00f3, a trav\u00e9s de la resoluci\u00f3n que firmaron los cinco ministros, que har\u00e1 una tratamiento acelerado en los t\u00e9rminos que permite el C\u00f3digo Civil y Comercial de la Naci\u00f3n, para que los magistrados resuelvan &quot;de oficio&quot; y como &quot;primera providencia&quot;, si &quot;la naturaleza de la cuesti\u00f3n y la prueba ofrecida&quot; lo permite.<\/p>\n<p>El planteo del gobierno porte\u00f1o y el fallo de la justicia local<\/p>\n<p>En principio, el planteo del jefe del gobierno porte\u00f1o, Horacio Rodr\u00edguez Larreta, logr\u00f3 un dictamen favorable de la procuradora de la ciudad Laura Monti, que ayer determin\u00f3 que la Corte est\u00e1 facultada para entender en la presentaci\u00f3n que realiz\u00f3 el gobierno de CABA.<\/p>\n<p>Tomando ese dictamen, la Corte intervino y se\u00f1al\u00f3 que fallar\u00e1 al respecto, aunque luego de que el Gobierno Nacional ofrezca, dentro de un plazo de cinco d\u00edas, sus argumentos de por qu\u00e9 estableci\u00f3 en el decreto 241 que deben suspenderse las clases presenciales en el AMBA.<\/p>\n<p>Otro cap\u00edtulo de la judicializaci\u00f3n de las medidas contra el coronavirus se libr\u00f3 en la justicia porte\u00f1a con la resoluci\u00f3n de la sala IV de la C\u00e1mara en lo Contencioso y Administrativo y Tributario, que dispuso anoche el retorno de la presencialidad educativa en la ciudad.<\/p>\n<p>El pedido de la Procuraci\u00f3n<\/p>\n<p>Ante esta decisi\u00f3n, la Procuraci\u00f3n del Tesoro de la Naci\u00f3n, a cargo de Carlos Zannini, pidi\u00f3 la inhibitoria de la justicia porte\u00f1a y que se mantenga la aplicaci\u00f3n del decreto presencial.<\/p>\n<p>El planteo de la Procuraci\u00f3n fue presentado ante la C\u00e1mara en lo Contencioso Administrativo Federal y recay\u00f3 en el Juzgado Nacional en lo Contencioso Administrativo Federal N\u00ba 2, cuyo titular es el juez Esteban Furnari.<\/p>\n<p>Las otras denuncias<\/p>\n<p>En otro escenario judicial, pero vinculado al mismo tema, la jueza federal Mar\u00eda Servini qued\u00f3 a cargo de dos denuncias presentadas en las \u00faltimas horas en los Tribunales Federales de Retiro vinculadas al decreto presidencial 241\/2021 que estableci\u00f3 nuevas restricciones en el \u00c1rea Metropolitana de Buenos Aires para enfrentar la segunda ola de la pandemia de coronavirus.<\/p>\n<p>Una de las denuncias la radic\u00f3 la abogada Valeria Carreras contra el jefe de Gobierno de la ciudad de Buenos Aires, Horacio Rodr\u00edguez Larreta, la exministra de Desarrollo Social Carolina Stanley y la referente del PRO, Patricia Bullrich, por &quot;violaci\u00f3n de medidas para la propagaci\u00f3n de una epidemia y asonada&quot;.<\/p>\n<p>En este caso, se los denunci\u00f3 por &quot;atentar contra la salud p\u00fablica mediante una serie de acciones judiciales tendientes a dejar sin efecto el DNU que restringe la presencialidad escolar, la reducci\u00f3n horaria de circulaci\u00f3n para la ciudadan\u00eda y el cierre de comercios&quot; para evitar que los contagios sigan su crecimiento exponencial de los \u00faltimos d\u00edas y en un marco de posible saturaci\u00f3n del sistema sanitario debido a la demanda de internaciones por Covid-19.<\/p>\n<p>Esta normativa &quot;apunta a frenar la segunda ola de contagios de Covid 19&quot;, sostuvo Carreras, quien aludi\u00f3 adem\u00e1s a &quot;sedici\u00f3n, en grado de tentativa&quot;.<\/p>\n<p>La otra denuncia se present\u00f3 contra Mauricio Macri y tambi\u00e9n result\u00f3 sorteada en el juzgado de Servini, por supuesta &quot;instigaci\u00f3n a cometer delito, resistencia o desobediencia a funcionario p\u00fablico y violaci\u00f3n de medidas para la propagaci\u00f3n de una epidemia&quot;.<\/p>\n<p>En este caso el abogado Federico Paruolo denunci\u00f3 al expresidente por una publicaci\u00f3n en Twitter en la que ped\u00eda a los intendentes que mantuvieran las escuelas abiertas.<\/p>\n<p>Las presentaciones bonaerenses<\/p>\n<p>En otro orden, el juez federal en lo Civil, Contencioso y Administrativo de San Mart\u00edn, Oscar Papavero, rechaz\u00f3 una medida cautelar presentada por el intendente de Vicente L\u00f3pez, Jorge Macri, contra el decreto 241\/2021 que suspendi\u00f3 las clases presenciales alegando una cuesti\u00f3n de competencia.<\/p>\n<p>La opini\u00f3n de los gremios<\/p>\n<p>En el plano sindical, diferentes gremios docentes y estatales realizan hoy una medida de fuerza en la CABA en rechazo del fallo de la C\u00e1mara porte\u00f1a y en respaldo al decreto presidencial que estableci\u00f3 restricciones por la suba de contagios que produce la segunda ola de coronavirus.<\/p>\n<p>La medida de fuerza es respaldada por gremios docentes como Camyp (Uni\u00f3n Argentina de Maestros y Profesores), AMET (Asociaci\u00f3n del Magisterio de Ense\u00f1anza T\u00e9cnica), Sadop (docentes privados) y Ademys, adem\u00e1s del sindicato mayoritario UTE-Ctera.<\/p>\n<p>Asimismo, tambi\u00e9n llamaron al paro ATE Capital y el Sitraju, que representa a los empleados del Poder Judicial.<\/p>\n<p>La controversia pol\u00edtica<\/p>\n<p>En el plano pol\u00edtico, en tanto, la disputa por la presencialidad sigui\u00f3 generando tambi\u00e9n repercusiones.<\/p>\n<p>El ministro de Justicia, Mart\u00edn Soria, evalu\u00f3 que &quot;no es la primera vez que el PRO utiliza pol\u00edticamente al Poder Judicial conforme a sus intereses&quot;, tras lo cual advirti\u00f3 que &quot;esta vez han ido demasiado lejos, porque est\u00e1n poniendo en juego la vida y la salud del resto de la Argentina&quot;.<\/p>\n<p>En ese marco, el funcionario calific\u00f3 de &quot;forum shopping&quot; lo dispuesto ayer por la sala IV de la C\u00e1mara en lo Contencioso y Administrativo.<\/p>\n<p>En declaraciones a El Destape Radio, Soria tambi\u00e9n indic\u00f3 que &quot;se van a interponer varias medidas para frenar esta decisi\u00f3n pol\u00edtica&quot;.<\/p>\n<p>Por su parte, la ministra de Educaci\u00f3n porte\u00f1a, Soledad Acu\u00f1a, afirm\u00f3 que este lunes es &quot;un d\u00eda dispar&quot; porque no todas las escuelas estuvieron en condiciones de abrir sus puertas, pero dijo que las que no pudieron hoy &quot;lo har\u00e1n ma\u00f1ana&quot;, al tiempo que afirm\u00f3 que el paro es impulsado por &quot;sindicalistas con objetivos pol\u00edticos&quot;.<\/p>\n<p>A su vez, el senador nacional Mariano Recalde (FdT-CABA) estim\u00f3 que &quot;quieren hacer fracasar la pol\u00edtica de combate al Covid&quot; para &quot;tratar de sacar r\u00e9dito pol\u00edtico tan cerca de las elecciones&quot;<\/div>\n","protected":false},"excerpt":{"rendered":"<p>La decisi\u00f3n de la Corte, que cont\u00f3 con el voto en disidencia de la Elena Higton, le dio a la Jefatura de Gabinete de la Naci\u00f3n un plazo de cinco d\u00edas para que conteste y aporte las pruebas que considere pertinentes. La Corte Suprema de Justicia se declar\u00f3 este lunes competente para analizar la presentaci\u00f3n [&hellip;]<\/p>\n","protected":false},"author":1,"featured_media":9925,"comment_status":"closed","ping_status":"closed","sticky":false,"template":"","format":"standard","meta":{"footnotes":""},"categories":[8],"tags":[],"class_list":{"0":"post-9924","1":"post","2":"type-post","3":"status-publish","4":"format-standard","5":"has-post-thumbnail","7":"category-nacionales"},"_links":{"self":[{"href":"https:\/\/chacosintesis.com.ar\/index.php\/wp-json\/wp\/v2\/posts\/9924","targetHints":{"allow":["GET"]}}],"collection":[{"href":"https:\/\/chacosintesis.com.ar\/index.php\/wp-json\/wp\/v2\/posts"}],"about":[{"href":"https:\/\/chacosintesis.com.ar\/index.php\/wp-json\/wp\/v2\/types\/post"}],"author":[{"embeddable":true,"href":"https:\/\/chacosintesis.com.ar\/index.php\/wp-json\/wp\/v2\/users\/1"}],"replies":[{"embeddable":true,"href":"https:\/\/chacosintesis.com.ar\/index.php\/wp-json\/wp\/v2\/comments?post=9924"}],"version-history":[{"count":0,"href":"https:\/\/chacosintesis.com.ar\/index.php\/wp-json\/wp\/v2\/posts\/9924\/revisions"}],"wp:featuredmedia":[{"embeddable":true,"href":"https:\/\/chacosintesis.com.ar\/index.php\/wp-json\/wp\/v2\/media\/9925"}],"wp:attachment":[{"href":"https:\/\/chacosintesis.com.ar\/index.php\/wp-json\/wp\/v2\/media?parent=9924"}],"wp:term":[{"taxonomy":"category","embeddable":true,"href":"https:\/\/chacosintesis.com.ar\/index.php\/wp-json\/wp\/v2\/categories?post=9924"},{"taxonomy":"post_tag","embeddable":true,"href":"https:\/\/chacosintesis.com.ar\/index.php\/wp-json\/wp\/v2\/tags?post=9924"}],"curies":[{"name":"wp","href":"https:\/\/api.w.org\/{rel}","templated":true}]}}