{"id":9918,"date":"2021-04-19T11:03:11","date_gmt":"2021-04-19T14:03:11","guid":{"rendered":"https:\/\/chacosintesis.com.ar\/?p=9918"},"modified":"2021-04-19T11:36:39","modified_gmt":"2021-04-19T14:36:39","slug":"la-camara-de-apelaciones-portena-ordeno-a-la-ciudad-de-buenos-aires-que-garantice-las-clases-presenciales","status":"publish","type":"post","link":"https:\/\/chacosintesis.com.ar\/index.php\/la-camara-de-apelaciones-portena-ordeno-a-la-ciudad-de-buenos-aires-que-garantice-las-clases-presenciales\/","title":{"rendered":"La C\u00e1mara de Apelaciones porte\u00f1a orden\u00f3 a la ciudad de Buenos Aires que garantice las clases presenciales"},"content":{"rendered":"<div dir=\"ltr\">El fallo se resolvi\u00f3 durante la tarde de este domingo. La prohibici\u00f3n del DNU firmado por el presidente Alberto Fern\u00e1ndez alcanzaba a 2.359 unidades educativas que agrupan a una poblaci\u00f3n de 600.000 alumnos.<\/p>\n<p>La C\u00e1mara de Apelaciones en lo Contencioso Administrativo, Tributario y de Relaciones de Consumo de la ciudad de Buenos Aires, que integran los jueces Marcelo L\u00f3pez Alfons\u00edn, Laura Alejandra Perugini y Nieves Machiavelli, orden\u00f3 habilitar este lunes las clases presenciales en la Ciudad de Buenos Aires, en detrimento del Decreto de Necesidad y Urgencia (DNU) que public\u00f3 el gobierno nacional el \u00faltimo viernes.<\/p>\n<p>La decisi\u00f3n del presidente Alberto Fern\u00e1ndez gener\u00f3 la reacci\u00f3n inmediata del gobierno de la ciudad de Buenos Aires, que se hab\u00eda comprometido a mantener la presencialidad pese a la complicaci\u00f3n del escenario sanitario por el creciente n\u00famero de contagios de coronavirus. Adem\u00e1s, recibi\u00f3 el rechazo de fundaciones, ONG y grupos de padres que se volcaron a la calle para manifestarse en contra del decreto.<\/p>\n<p>El Gobierno no forma parte del expediente, por lo que no podr\u00e1 apelar la decisi\u00f3n del tribunal. Solo pueden hacerlo las partes que forman parte de la causa y no es el caso del Ejecutivo nacional. Es decir, la medida se har\u00e1 efectiva a partir de hoy y los chicos podr\u00e1n retomar las clases presenciales.<\/p>\n<p>La votaci\u00f3n del tribunal fue un\u00e1nime. La recusaci\u00f3n presentada por un abogado particular contra Nieves Machiavelli, hermana del ministro de Medio Ambiente del gobierno porte\u00f1o, Eduardo Machiavelli, para que no participe en la decisi\u00f3n, fue rechazada. La hermana del funcionario form\u00f3 parte de la votaci\u00f3n. Seg\u00fan le informaron a Infobae fuentes judiciales.<\/p>\n<p>El tribunal resolvi\u00f3: \u201c1.Hacer lugar a la queja interpuesta y en consecuencia admitir el recurso de apelaci\u00f3n. 2. Hacer lugar a la medida cautelar solicitada y, conforme lo expuesto en los puntos 3, 4 y 5 y las facultades dispuestas en el art. 184 CCAyT, disponer la suspensi\u00f3n de lo dispuesto en el art. 2\u00b0, p\u00e1rrafo tercero del DNU n\u00b0 241\/21 y ordenar al GCBA que en el marco de su autonom\u00eda y competencias propias disponga la continuidad de la presencialidad de las clases en el \u00e1mbito del territorio de la Ciudad de Buenos Aires, conforme la resoluci\u00f3n conjunta del Ministerio de Educaci\u00f3n y de Salud n\u00b0 1\/21 3. Sin costas por no haber medido contradicci\u00f3n (conf. arts. 14 CCABA, 2\u00b0 de Ley N\u00b0 2.145 \u2013texto consolidado por la Ley N\u00b0 6017\u2013 , 62 y 63 del CCAyT)\u201d, indic\u00f3 el fallo.<\/p>\n<p>Minutos despu\u00e9s de conocerse la decisi\u00f3n de la justicia porte\u00f1a, ATE Capital y UTE-CTERA convocaron a un paro docente. \u201cEl poder judicial porte\u00f1o sigue incumpliendo con la Constituci\u00f3n de la Ciudad y Nacional. La salud y la vida son prioridad\u201d, indicaron desde las agrupaciones sindicales.<\/p>\n<p>En la ma\u00f1ana de este domingo la fiscal ante la C\u00e1mara de Apelaciones de la Ciudad, Karina Cichero, resolvi\u00f3 a favor del pedido de dos organizaciones no gubernamentales para mantener las escuelas abiertas pese al decreto del Gobierno que proh\u00edbe el dictado de clases presenciales en la Capital Federal. Los amparos hab\u00edan sido presentados por un grupo de docentes nucleados en la ONG Abramos las Escuelas y el espacio Centro de Estudios de Pol\u00edticas P\u00fablicas.<\/p>\n<p>Estas dos organizaciones interpusieron dos recursos amparos donde pidieron la nulidad de los alcances del DNU de Fern\u00e1ndez, respecto a la suspensi\u00f3n por 15 d\u00edas de las clases presenciales, al considerar que era fundamental priorizarlas. Luego, la Sala IV de Apelaciones porte\u00f1a pidi\u00f3 la opini\u00f3n de los fiscales y, finalmente, decidi\u00f3 resolver a favor de mantener las clases presenciales.<\/p>\n<p>La prohibici\u00f3n del dictado de clases presenciales alcanzaba a 2.359 unidades educativas que agrupan a una poblaci\u00f3n de 600.000 alumnos. El \u00faltimo s\u00e1bado Rodr\u00edguez Larreta visit\u00f3 a Alberto Fern\u00e1ndez en la Quinta de Olivos y le pidi\u00f3 en privado lo que ya le hab\u00eda adelantando p\u00fablicamente: mantener la presencialidad de las clases. El Presidente le manifest\u00f3 que el problema no son las aulas, sino la circulaci\u00f3n que se genera en la ciudad para que las clases se lleven adelante.<\/p>\n<p>Durante la reuni\u00f3n el Presidente le mostr\u00f3 a Rodr\u00edguez Larreta una serie de gr\u00e1ficos que respaldaban su postura de suspender las clases. Luego, en una conferencia de prensa desde la residencia de Olivos, plante\u00f3: \u201cDesde que volvieron las clases, la curva de contagios ascendi\u00f3 precipitadamente. Le he mostrado los gr\u00e1ficos que avalan lo que digo al jefe de Gobierno porte\u00f1o\u201d.<\/p>\n<p>Uno de los cuadros que expuso muestra los casos confirmados en poblaci\u00f3n en edad escolar por semana epidemiol\u00f3gica (SE) de fecha de inicio de s\u00edntomas (FIS) en Argentina, en donde se observa que en la semana 7 del a\u00f1o 2021, donde hubo inicio de clases en tres jurisdicciones, hab\u00eda aproximadamente unos 3.500 casos por d\u00eda, mientras que en las semana 11 los casos llegaban a 7.500. Y en la semana 14 llegaron a 12.500. Le marc\u00f3 as\u00ed el aumento de casos en el momento en que retorn\u00f3 la presencialidad.<\/p>\n<p>Pero la discusi\u00f3n sobre la presencialidad no qued\u00f3 solo en el plano pol\u00edtico. Minutos antes de ingresar a la reuni\u00f3n con Fern\u00e1ndez, el mandatario porte\u00f1o interpuso una acci\u00f3n declarativa de inconstitucionalidad ante la Corte Suprema para intentar garantizar las clases presenciales. Una medida que busca que se declare inconstitucional el art\u00edculo 2 del DNU que dispone la suspensi\u00f3n de las clases presenciales y las actividades educativas no escolares presenciales en todos los niveles y en todas sus modalidades desde el 19 hasta el 30 de abril inclusive.<\/p>\n<p>La presentaci\u00f3n sostiene que el decreto viola la autonom\u00eda de la Ciudad e implica una virtual intervenci\u00f3n federal porque se arroga potestades sobre competencias eminentemente locales, en salud y educaci\u00f3n.<\/p>\n<p>INFOBAE.-<\/div>\n","protected":false},"excerpt":{"rendered":"<p>El fallo se resolvi\u00f3 durante la tarde de este domingo. La prohibici\u00f3n del DNU firmado por el presidente Alberto Fern\u00e1ndez alcanzaba a 2.359 unidades educativas que agrupan a una poblaci\u00f3n de 600.000 alumnos. La C\u00e1mara de Apelaciones en lo Contencioso Administrativo, Tributario y de Relaciones de Consumo de la ciudad de Buenos Aires, que integran [&hellip;]<\/p>\n","protected":false},"author":1,"featured_media":9919,"comment_status":"closed","ping_status":"closed","sticky":false,"template":"","format":"standard","meta":{"footnotes":""},"categories":[8],"tags":[],"class_list":{"0":"post-9918","1":"post","2":"type-post","3":"status-publish","4":"format-standard","5":"has-post-thumbnail","7":"category-nacionales"},"_links":{"self":[{"href":"https:\/\/chacosintesis.com.ar\/index.php\/wp-json\/wp\/v2\/posts\/9918","targetHints":{"allow":["GET"]}}],"collection":[{"href":"https:\/\/chacosintesis.com.ar\/index.php\/wp-json\/wp\/v2\/posts"}],"about":[{"href":"https:\/\/chacosintesis.com.ar\/index.php\/wp-json\/wp\/v2\/types\/post"}],"author":[{"embeddable":true,"href":"https:\/\/chacosintesis.com.ar\/index.php\/wp-json\/wp\/v2\/users\/1"}],"replies":[{"embeddable":true,"href":"https:\/\/chacosintesis.com.ar\/index.php\/wp-json\/wp\/v2\/comments?post=9918"}],"version-history":[{"count":0,"href":"https:\/\/chacosintesis.com.ar\/index.php\/wp-json\/wp\/v2\/posts\/9918\/revisions"}],"wp:featuredmedia":[{"embeddable":true,"href":"https:\/\/chacosintesis.com.ar\/index.php\/wp-json\/wp\/v2\/media\/9919"}],"wp:attachment":[{"href":"https:\/\/chacosintesis.com.ar\/index.php\/wp-json\/wp\/v2\/media?parent=9918"}],"wp:term":[{"taxonomy":"category","embeddable":true,"href":"https:\/\/chacosintesis.com.ar\/index.php\/wp-json\/wp\/v2\/categories?post=9918"},{"taxonomy":"post_tag","embeddable":true,"href":"https:\/\/chacosintesis.com.ar\/index.php\/wp-json\/wp\/v2\/tags?post=9918"}],"curies":[{"name":"wp","href":"https:\/\/api.w.org\/{rel}","templated":true}]}}