{"id":9908,"date":"2021-04-17T20:22:58","date_gmt":"2021-04-17T23:22:58","guid":{"rendered":"https:\/\/chacosintesis.com.ar\/?p=9908"},"modified":"2021-04-17T20:36:39","modified_gmt":"2021-04-17T23:36:39","slug":"marchan-en-el-pais-en-contra-de-las-nuevas-restricciones","status":"publish","type":"post","link":"https:\/\/chacosintesis.com.ar\/index.php\/marchan-en-el-pais-en-contra-de-las-nuevas-restricciones\/","title":{"rendered":"Marchan en el pa\u00eds en contra de las nuevas restricciones"},"content":{"rendered":"<div dir=\"ltr\">Manifestantes se concentran en la tarde de este s\u00e1bado en distintas provincias como Buenos Aires, C\u00f3rdoba y La Rioja para pedir por la no suspensi\u00f3n de las clases presenciales, entre otros reclamos. <\/p>\n<p>Centenares de personas se concentraron en la tarde de este s\u00e1bado en distintos puntos del pa\u00eds para participar de una protesta contra el Gobierno por las nuevas medidas adoptadas ante el rebrote de la pandemia de Covid-19 y particularmente contra la suspensi\u00f3n de clases presenciales.<\/p>\n<p>En Buenos Aires, los manifestantes se congregaron en el Obelisco y en la Quinta de Olivos, principalmente.<\/p>\n<p>Mientras que en C\u00f3rdoba, padres junto a sus hijos y personal docente recorrieron el centro de la ciudad, en la zona del shopping Patio Olmos.<\/p>\n<p>En La Rioja, por ejemplo, tambi\u00e9n el sector de los comerciantes sali\u00f3 a las calles para sumarse al reclamo con convocatoria nacional.<\/p>\n<p>La manifestaci\u00f3n fue convocada por un sector de la oposici\u00f3n e independientes -agrupaciones de padres y madres de chicos en edad escolar, gastron\u00f3micos- a trav\u00e9s de las redes sociales bajo las consignas #17A y &quot;Todos a las calles&quot;.<\/p>\n<p>Entre los reclamos de los manifestantes, muchos de los cuales se movilizan a pie con banderas argentinas mientras otros lo hacen desde sus veh\u00edculos, se destaca el referido a la decisi\u00f3n del presidente Alberto Fern\u00e1ndez de suspender por 15 d\u00edas las clases presenciales en el \u00c1rea Metropolitana de Buenos Aires (AMBA).<\/p>\n<p>En Buenos Aires, los manifestantes se congregaron en el Obelisco y en la Quinta de Olivos, principalmente.<\/p>\n<div>CADENA 3.- <\/div>\n<\/div>\n","protected":false},"excerpt":{"rendered":"<p>Manifestantes se concentran en la tarde de este s\u00e1bado en distintas provincias como Buenos Aires, C\u00f3rdoba y La Rioja para pedir por la no suspensi\u00f3n de las clases presenciales, entre otros reclamos. Centenares de personas se concentraron en la tarde de este s\u00e1bado en distintos puntos del pa\u00eds para participar de una protesta contra el [&hellip;]<\/p>\n","protected":false},"author":1,"featured_media":9909,"comment_status":"closed","ping_status":"closed","sticky":false,"template":"","format":"standard","meta":{"footnotes":""},"categories":[8],"tags":[195],"class_list":{"0":"post-9908","1":"post","2":"type-post","3":"status-publish","4":"format-standard","5":"has-post-thumbnail","7":"category-nacionales","8":"tag-fetured"},"_links":{"self":[{"href":"https:\/\/chacosintesis.com.ar\/index.php\/wp-json\/wp\/v2\/posts\/9908","targetHints":{"allow":["GET"]}}],"collection":[{"href":"https:\/\/chacosintesis.com.ar\/index.php\/wp-json\/wp\/v2\/posts"}],"about":[{"href":"https:\/\/chacosintesis.com.ar\/index.php\/wp-json\/wp\/v2\/types\/post"}],"author":[{"embeddable":true,"href":"https:\/\/chacosintesis.com.ar\/index.php\/wp-json\/wp\/v2\/users\/1"}],"replies":[{"embeddable":true,"href":"https:\/\/chacosintesis.com.ar\/index.php\/wp-json\/wp\/v2\/comments?post=9908"}],"version-history":[{"count":0,"href":"https:\/\/chacosintesis.com.ar\/index.php\/wp-json\/wp\/v2\/posts\/9908\/revisions"}],"wp:featuredmedia":[{"embeddable":true,"href":"https:\/\/chacosintesis.com.ar\/index.php\/wp-json\/wp\/v2\/media\/9909"}],"wp:attachment":[{"href":"https:\/\/chacosintesis.com.ar\/index.php\/wp-json\/wp\/v2\/media?parent=9908"}],"wp:term":[{"taxonomy":"category","embeddable":true,"href":"https:\/\/chacosintesis.com.ar\/index.php\/wp-json\/wp\/v2\/categories?post=9908"},{"taxonomy":"post_tag","embeddable":true,"href":"https:\/\/chacosintesis.com.ar\/index.php\/wp-json\/wp\/v2\/tags?post=9908"}],"curies":[{"name":"wp","href":"https:\/\/api.w.org\/{rel}","templated":true}]}}