{"id":9884,"date":"2021-04-15T22:16:14","date_gmt":"2021-04-16T01:16:14","guid":{"rendered":"https:\/\/chacosintesis.com.ar\/?p=9884"},"modified":"2021-04-15T22:37:36","modified_gmt":"2021-04-16T01:37:36","slug":"alberto-justifico-el-cierre-de-escuelas-los-chicos-juegan-a-cambiarse-el-barbijo","status":"publish","type":"post","link":"https:\/\/chacosintesis.com.ar\/index.php\/alberto-justifico-el-cierre-de-escuelas-los-chicos-juegan-a-cambiarse-el-barbijo\/","title":{"rendered":"Alberto justific\u00f3 el cierre de escuelas: &#8220;Los chicos juegan a cambiarse el barbijo&#8221;"},"content":{"rendered":"<div dir=\"ltr\">El presidente dijo que el ministro Nicol\u00e1s Trotta quiso mantener las clases presenciales, pero lo desautoriz\u00f3.<\/p>\n<p>La suspensi\u00f3n de las clases presenciales sigue siendo la medida m\u00e1s pol\u00e9mica de las anunciadas por Alberto Fern\u00e1ndez para tratar de frenar los contagios, a pesar de que hasta horas antes sus propios ministros lo descartaban. <\/p>\n<p>El presidente justific\u00f3 la decisi\u00f3n argumentando que los chicos &quot;juegan&quot; a cambiarse el barbijo, y admiti\u00f3 que el ministro de Educaci\u00f3n, Nicol\u00e1s Trotta, le insisti\u00f3 en que no era conveniente cerrar las escuelas como hab\u00eda sostenido por la tarde en las redes sociales. Pero Alberto no lo tuvo en cuenta. <\/p>\n<p>&quot;Tuve discusiones dentro de mi equipo porque el ministro de Educaci\u00f3n cre\u00eda que hab\u00eda que tratar de insistir un poco m\u00e1s con las clases presenciales&quot;, admiti\u00f3 Fern\u00e1ndez sobre el trasfondo de la medida, que sorprendi\u00f3 a muchos funcionarios.<\/p>\n<p>&quot;Las clases presenciales no son las clases presenciales solamente. Hay que ir a un colegio primario ver el horario de salida de los chicos, ver c\u00f3mo las madres se agolpan frente a la puerta, ver como de ese modo el contagio puede hacerse m\u00e1s f\u00e1cil, ver como los chicos juegan entre s\u00ed cambi\u00e1ndose los barbijos&quot;, argument\u00f3 el presidente sobre la medida.<\/p>\n<p>&quot;Todo este tiempo he hablado con maestras de escuela de chicos con capacidades diferentes, de lo dif\u00edcil que se les hace trabajar con esos chicos, que no entienden la dimensi\u00f3n del problema sanitario que enfrentan&quot;, insiti\u00f3 en una entrevista con radio 10.<\/p>\n<p>Como explic\u00f3 LPO, la suspensi\u00f3n de las clases presenciales dej\u00f3 muy debilitado a Nicol\u00e1s Trotta, que ven\u00eda haciendo una fuerte defensa del sistema de burbujas en las aulas. &quot;Lo que permite que la escuela siga siendo un lugar de bajo riesgo son los protocolos estrictos que hemos aprobado federalmente. Confiamos en la fiscalizaci\u00f3n de cada una de las jurisdicciones&quot;, hab\u00eda escrito el ministro en su cuenta de Twitter horas antes del anuncio.<\/p>\n<p>Trotta fue uno de los pocos ministros que no defendi\u00f3 las medidas de Alberto mediante las redes sociales, como hicieron sus pares del gabinete, algunos gobernadores e intendentes. El ministro tampoco borr\u00f3 los mensajes en los que defend\u00eda la &quot;presencialidad cuidada&quot;.<\/p>\n<p>LA POLITICA ON LINE.-<\/p><\/div>\n","protected":false},"excerpt":{"rendered":"<p>El presidente dijo que el ministro Nicol\u00e1s Trotta quiso mantener las clases presenciales, pero lo desautoriz\u00f3. La suspensi\u00f3n de las clases presenciales sigue siendo la medida m\u00e1s pol\u00e9mica de las anunciadas por Alberto Fern\u00e1ndez para tratar de frenar los contagios, a pesar de que hasta horas antes sus propios ministros lo descartaban. El presidente justific\u00f3 [&hellip;]<\/p>\n","protected":false},"author":1,"featured_media":9885,"comment_status":"closed","ping_status":"closed","sticky":false,"template":"","format":"standard","meta":{"footnotes":""},"categories":[8],"tags":[],"class_list":{"0":"post-9884","1":"post","2":"type-post","3":"status-publish","4":"format-standard","5":"has-post-thumbnail","7":"category-nacionales"},"_links":{"self":[{"href":"https:\/\/chacosintesis.com.ar\/index.php\/wp-json\/wp\/v2\/posts\/9884","targetHints":{"allow":["GET"]}}],"collection":[{"href":"https:\/\/chacosintesis.com.ar\/index.php\/wp-json\/wp\/v2\/posts"}],"about":[{"href":"https:\/\/chacosintesis.com.ar\/index.php\/wp-json\/wp\/v2\/types\/post"}],"author":[{"embeddable":true,"href":"https:\/\/chacosintesis.com.ar\/index.php\/wp-json\/wp\/v2\/users\/1"}],"replies":[{"embeddable":true,"href":"https:\/\/chacosintesis.com.ar\/index.php\/wp-json\/wp\/v2\/comments?post=9884"}],"version-history":[{"count":0,"href":"https:\/\/chacosintesis.com.ar\/index.php\/wp-json\/wp\/v2\/posts\/9884\/revisions"}],"wp:featuredmedia":[{"embeddable":true,"href":"https:\/\/chacosintesis.com.ar\/index.php\/wp-json\/wp\/v2\/media\/9885"}],"wp:attachment":[{"href":"https:\/\/chacosintesis.com.ar\/index.php\/wp-json\/wp\/v2\/media?parent=9884"}],"wp:term":[{"taxonomy":"category","embeddable":true,"href":"https:\/\/chacosintesis.com.ar\/index.php\/wp-json\/wp\/v2\/categories?post=9884"},{"taxonomy":"post_tag","embeddable":true,"href":"https:\/\/chacosintesis.com.ar\/index.php\/wp-json\/wp\/v2\/tags?post=9884"}],"curies":[{"name":"wp","href":"https:\/\/api.w.org\/{rel}","templated":true}]}}