{"id":9783,"date":"2021-04-13T09:58:02","date_gmt":"2021-04-13T12:58:02","guid":{"rendered":"https:\/\/chacosintesis.com.ar\/?p=9783"},"modified":"2021-04-13T10:06:45","modified_gmt":"2021-04-13T13:06:45","slug":"la-rioja-ya-son-nueve-los-muertos-por-el-choque-frontal","status":"publish","type":"post","link":"https:\/\/chacosintesis.com.ar\/index.php\/la-rioja-ya-son-nueve-los-muertos-por-el-choque-frontal\/","title":{"rendered":"La Rioja: ya son nueve los muertos por el choque frontal"},"content":{"rendered":"<div dir=\"ltr\">Sucedi\u00f3 en la ruta nacional 38, a unos 10 kil\u00f3metros al sur de la capital de esa provincia. Participaron un auto y una ambulancia.<\/p>\n<p>El fatal siniestro ocurri\u00f3 alrededor de las 21.45 de este lunes, cuando un auto Peugeot 307, por causas que no se hab\u00edan determinado, choc\u00f3 de frente contra una ambulancia del Hospital de la localidad de Vera Barros, que proven\u00eda de la provincia de C\u00f3rdoba.<\/p>\n<p>En el autom\u00f3vil viajaba una familia, seg\u00fan lo relatado a Cadena 3 por el jefe de la Polic\u00eda local, el comisario Roque Jaime.<\/p>\n<p>\u201cProducto de la violencia del impacto, seis personas perdieron la vida y cuatro fueron trasladadas al Hospital Enrique Vera Barros y al Hospital de la Madre y el Ni\u00f1o para una atenci\u00f3n de mayor complejidad\u201d, hab\u00eda detallado el uniformado, aunque en la ma\u00f1ana de este martes se conoci\u00f3 que la cifra de fallecidos ascendi\u00f3 a nueve.<\/p>\n<p>Las v\u00edctimas fatales fueron identificadas como Iber Agocachi Choque (34), Daniela Llanos (33), Oscar Agocachi Cheira (27), Alexis Chaira Mamani (5), Ruth Agocachi Lanos (12), Gustavo Agocachi Llanos (12), todos ocupantes del Peugeot.<\/p>\n<p>Mientras que los fallecidos que viajaban en la ambulancia son Paola Bangiorno Zaquilan (41) y su madre Blanca Luna (71).<\/p>\n<p>El Gobierno de La Rioja dispuso duelo provincial con motivo de la terrible tragedia. &quot;Las banderas permanecer\u00e1n izadas a media asta en todos los edificios p\u00fablicos y se suspende la agenda oficial de actividades institucionales&quot;, se\u00f1al\u00f3 un parte de prensa del gobernador Ricardo Quintela.<\/p><\/div>\n","protected":false},"excerpt":{"rendered":"<p>Sucedi\u00f3 en la ruta nacional 38, a unos 10 kil\u00f3metros al sur de la capital de esa provincia. Participaron un auto y una ambulancia. El fatal siniestro ocurri\u00f3 alrededor de las 21.45 de este lunes, cuando un auto Peugeot 307, por causas que no se hab\u00edan determinado, choc\u00f3 de frente contra una ambulancia del Hospital [&hellip;]<\/p>\n","protected":false},"author":1,"featured_media":9784,"comment_status":"closed","ping_status":"closed","sticky":false,"template":"","format":"standard","meta":{"footnotes":""},"categories":[8],"tags":[],"class_list":{"0":"post-9783","1":"post","2":"type-post","3":"status-publish","4":"format-standard","5":"has-post-thumbnail","7":"category-nacionales"},"_links":{"self":[{"href":"https:\/\/chacosintesis.com.ar\/index.php\/wp-json\/wp\/v2\/posts\/9783","targetHints":{"allow":["GET"]}}],"collection":[{"href":"https:\/\/chacosintesis.com.ar\/index.php\/wp-json\/wp\/v2\/posts"}],"about":[{"href":"https:\/\/chacosintesis.com.ar\/index.php\/wp-json\/wp\/v2\/types\/post"}],"author":[{"embeddable":true,"href":"https:\/\/chacosintesis.com.ar\/index.php\/wp-json\/wp\/v2\/users\/1"}],"replies":[{"embeddable":true,"href":"https:\/\/chacosintesis.com.ar\/index.php\/wp-json\/wp\/v2\/comments?post=9783"}],"version-history":[{"count":0,"href":"https:\/\/chacosintesis.com.ar\/index.php\/wp-json\/wp\/v2\/posts\/9783\/revisions"}],"wp:featuredmedia":[{"embeddable":true,"href":"https:\/\/chacosintesis.com.ar\/index.php\/wp-json\/wp\/v2\/media\/9784"}],"wp:attachment":[{"href":"https:\/\/chacosintesis.com.ar\/index.php\/wp-json\/wp\/v2\/media?parent=9783"}],"wp:term":[{"taxonomy":"category","embeddable":true,"href":"https:\/\/chacosintesis.com.ar\/index.php\/wp-json\/wp\/v2\/categories?post=9783"},{"taxonomy":"post_tag","embeddable":true,"href":"https:\/\/chacosintesis.com.ar\/index.php\/wp-json\/wp\/v2\/tags?post=9783"}],"curies":[{"name":"wp","href":"https:\/\/api.w.org\/{rel}","templated":true}]}}