{"id":9652,"date":"2021-03-30T19:29:25","date_gmt":"2021-03-30T22:29:25","guid":{"rendered":"https:\/\/chacosintesis.com.ar\/?p=9652"},"modified":"2021-03-30T19:36:39","modified_gmt":"2021-03-30T22:36:39","slug":"cuales-son-los-requisitos-para-viajar-en-semana-santa","status":"publish","type":"post","link":"https:\/\/chacosintesis.com.ar\/index.php\/cuales-son-los-requisitos-para-viajar-en-semana-santa\/","title":{"rendered":"\u00bfCu\u00e1les son los requisitos para viajar en Semana Santa?"},"content":{"rendered":"<div dir=\"ltr\">\n<div class=\"gmail-bajada\" style=\"padding:0px;margin:10px 0px 0px;box-sizing:border-box;font-family:Poppins;color:rgb(0,0,0);font-size:medium\">\n<p style=\"padding:0px;margin:0px;box-sizing:border-box;color:rgb(51,51,51);line-height:26px;font-size:20px\">Cada jurisdicci\u00f3n impondr\u00e1 ciertas condiciones para recibir turistas el pr\u00f3ximo fin de semana largo. Algunas s\u00f3lo pedir\u00e1n el Certificado de Verano.\u00a0<b style=\"padding:0px;margin:0px;box-sizing:border-box\">En esta nota podr\u00e1s ver provincia por provincia.<\/b><\/p>\n<p style=\"padding:0px;margin:20px 0px;box-sizing:border-box;color:rgb(51,51,51);line-height:26px;font-size:20px\"><b style=\"padding:0px;margin:0px;box-sizing:border-box\">-C\u00f3rdoba:\u00a0<\/b>s\u00f3lo pedir\u00e1 el Certificado Verano que puede tramitarse\u00a0<a href=\"https:\/\/www.argentina.gob.ar\/verano\" target=\"_blank\" style=\"padding:0px;margin:0px;box-sizing:border-box;text-decoration-line:none;color:rgb(8,88,168)\" rel=\"noopener\">en este link<\/a>. Si alg\u00fan residente requiere de PCR para viajar a otra provincia, puede hac\u00e9rselo de forma gratuita en estos sitios.<\/p>\n<p style=\"padding:0px;margin:20px 0px;box-sizing:border-box;color:rgb(51,51,51);line-height:26px;font-size:20px\"><b style=\"padding:0px;margin:0px;box-sizing:border-box\">-Provincia de Buenos Aires:\u00a0<\/b>s\u00f3lo requerir\u00e1 el\u00a0<a href=\"https:\/\/www.argentina.gob.ar\/verano\" target=\"_blank\" style=\"padding:0px;margin:0px;box-sizing:border-box;text-decoration-line:none;color:rgb(8,88,168)\" rel=\"noopener\">Certificado Verano<\/a>.<\/p>\n<p style=\"padding:0px;margin:20px 0px;box-sizing:border-box;color:rgb(51,51,51);line-height:26px;font-size:20px\"><b style=\"padding:0px;margin:0px;box-sizing:border-box\">-Ciudad de Buenos Aires:\u00a0<\/b>al igual que en la temporada de verano, la Capital pedir\u00e1 PCR negativo tanto para el ingreso como el egreso. Adem\u00e1s, pedir\u00e1 una declaraci\u00f3n jurada que puede hacerse\u00a0<a href=\"https:\/\/permisos.seguridadciudad.gob.ar\/solicitudturismo\/\" target=\"_blank\" style=\"padding:0px;margin:0px;box-sizing:border-box;text-decoration-line:none;color:rgb(8,88,168)\" rel=\"noopener\">en este link<\/a>. M\u00e1s informaci\u00f3n\u00a0<a href=\"https:\/\/descubri.cadena3.com\/noticia.asp?categoria=consejos&amp;titulo=cuales-son-los-requisitos-para-ingresar-a-buenos-aires&amp;id=279045\" target=\"_blank\" style=\"padding:0px;margin:0px;box-sizing:border-box;text-decoration-line:none;color:rgb(8,88,168)\" rel=\"noopener\">sobre los PCR en esta nota<\/a>.<\/p>\n<p style=\"padding:0px;margin:0px;box-sizing:border-box;color:rgb(51,51,51);line-height:26px;font-size:20px\"><b style=\"padding:0px;margin:0px;box-sizing:border-box\"><\/b><\/p>\n<p style=\"padding:0px;margin:20px 0px;box-sizing:border-box;color:rgb(51,51,51);line-height:26px;font-size:20px\"><b style=\"padding:0px;margin:0px;box-sizing:border-box\">-Entre R\u00edos:\u00a0<\/b>requerir\u00e1 el\u00a0<a href=\"https:\/\/www.argentina.gob.ar\/verano\" target=\"_blank\" style=\"padding:0px;margin:0px;box-sizing:border-box;text-decoration-line:none;color:rgb(8,88,168)\" rel=\"noopener\">Certificado Verano<\/a>. Para ingresar a la localidad de Col\u00f3n, hay que pedir autorizaci\u00f3n al municipio y abonar una tasa extraordinaria.<\/p>\n<p style=\"padding:0px;margin:20px 0px;box-sizing:border-box;color:rgb(51,51,51);line-height:26px;font-size:20px\"><b style=\"padding:0px;margin:0px;box-sizing:border-box\">-Corrientes:\u00a0<\/b>requiere de un PCR negativo y una declaraci\u00f3n jurada provincial que se puede tramitar\u00a0<a href=\"https:\/\/descubri.cadena3.com\/permisos.corrientes.gob.ar?\" target=\"_blank\" style=\"padding:0px;margin:0px;box-sizing:border-box;text-decoration-line:none;color:rgb(8,88,168)\" rel=\"noopener\">en este link<\/a>. Tambi\u00e9n se debe contar con una reserva hotelera.<\/p>\n<p style=\"padding:0px;margin:20px 0px;box-sizing:border-box;color:rgb(51,51,51);line-height:26px;font-size:20px\"><b style=\"padding:0px;margin:0px;box-sizing:border-box\">-Misiones:\u00a0<\/b>PCR negativo antes de ingresar,\u00a0<a href=\"https:\/\/www.argentina.gob.ar\/verano\" target=\"_blank\" style=\"padding:0px;margin:0px;box-sizing:border-box;text-decoration-line:none;color:rgb(8,88,168)\" rel=\"noopener\">Certificado Verano<\/a>\u00a0y una autoevaluaci\u00f3n de Covid-19 que se hace en la app Misiones Digital.<\/p>\n<p style=\"padding:0px;margin:20px 0px;box-sizing:border-box;color:rgb(51,51,51);line-height:26px;font-size:20px\"><b style=\"padding:0px;margin:0px;box-sizing:border-box\">-Chaco:\u00a0<\/b>certificado provincial de circulaci\u00f3n que se puede sacar\u00a0<a href=\"https:\/\/gobiernodigital.chaco.gob.ar\/login\" target=\"_blank\" style=\"padding:0px;margin:0px;box-sizing:border-box;text-decoration-line:none;color:rgb(8,88,168)\" rel=\"noopener\">en este link<\/a>.<\/p>\n<p style=\"padding:0px;margin:20px 0px;box-sizing:border-box;color:rgb(51,51,51);line-height:26px;font-size:20px\"><b style=\"padding:0px;margin:0px;box-sizing:border-box\">-Formosa:\u00a0<\/b>se realizar\u00e1 un control sanitario al ingreso de la provincia. En caso de dar positivo a COVID-19, la persona deber\u00e1 hacer cuarentena obligatoria en la provincia. Adem\u00e1s, se solicitar\u00e1 una declaraci\u00f3n jurada a completar en el ingreso.<\/p>\n<p style=\"padding:0px;margin:20px 0px;box-sizing:border-box;color:rgb(51,51,51);line-height:26px;font-size:20px\"><b style=\"padding:0px;margin:0px;box-sizing:border-box\">-Jujuy:\u00a0<\/b>se solicitar\u00e1 el\u00a0<a href=\"https:\/\/www.argentina.gob.ar\/verano\" target=\"_blank\" style=\"padding:0px;margin:0px;box-sizing:border-box;text-decoration-line:none;color:rgb(8,88,168)\" rel=\"noopener\">Certificado Verano<\/a>.<\/p>\n<p style=\"padding:0px;margin:20px 0px;box-sizing:border-box;color:rgb(51,51,51);line-height:26px;font-size:20px\"><b style=\"padding:0px;margin:0px;box-sizing:border-box\">-Salta:\u00a0<\/b>se solicitar\u00e1 el\u00a0<a href=\"https:\/\/www.argentina.gob.ar\/verano\" target=\"_blank\" style=\"padding:0px;margin:0px;box-sizing:border-box;text-decoration-line:none;color:rgb(8,88,168)\" rel=\"noopener\">Certificado Verano<\/a>.<\/p>\n<p style=\"padding:0px;margin:20px 0px;box-sizing:border-box;color:rgb(51,51,51);line-height:26px;font-size:20px\"><b style=\"padding:0px;margin:0px;box-sizing:border-box\">-Catamarca:\u00a0<\/b>se solicitar\u00e1 el\u00a0<a href=\"https:\/\/www.argentina.gob.ar\/verano\" target=\"_blank\" style=\"padding:0px;margin:0px;box-sizing:border-box;text-decoration-line:none;color:rgb(8,88,168)\" rel=\"noopener\">Certificado Verano\u00a0<\/a>y algunos municipios pedir\u00e1n PCR negativo para ingresar. Se puede consultar m\u00e1s informaci\u00f3n\u00a0<a href=\"https:\/\/descubri.cadena3.com\/noticia.asp?categoria=consejos&amp;titulo=cuales-son-los-requisitos-para-ingresar-a-catamarca&amp;id=280898\" target=\"_blank\" style=\"padding:0px;margin:0px;box-sizing:border-box;text-decoration-line:none;color:rgb(8,88,168)\" rel=\"noopener\">en este link<\/a>.<\/p>\n<p style=\"padding:0px;margin:20px 0px;box-sizing:border-box;color:rgb(51,51,51);line-height:26px;font-size:20px\">&#8211;<b style=\"padding:0px;margin:0px;box-sizing:border-box\">Tucum\u00e1n<\/b>:<a href=\"https:\/\/www.argentina.gob.ar\/verano\/chaco\" target=\"_blank\" style=\"padding:0px;margin:0px;box-sizing:border-box;text-decoration-line:none;color:rgb(8,88,168)\" rel=\"noopener\">\u00a0Certificado Verano<\/a>,\u00a0<a href=\"https:\/\/coe.tucuman.gov.ar\/declaraciones_circulacion_turismo\" target=\"_blank\" style=\"padding:0px;margin:0px;box-sizing:border-box;text-decoration-line:none;color:rgb(8,88,168)\" rel=\"noopener\">declaraci\u00f3n jurada<\/a>\u00a0y PCR negativo (si la persona proviene de una provincia que no es del Norte y no cuenta con reserva de alojamiento).<\/p>\n<p style=\"padding:0px;margin:20px 0px;box-sizing:border-box;color:rgb(51,51,51);line-height:26px;font-size:20px\"><b style=\"padding:0px;margin:0px;box-sizing:border-box\">-Santiago del Estero<\/b>: PCR negativo si no se proviene del Norte (Catamarca, La Rioja, Tucum\u00e1n, Jujuy y Salta) y si no se tiene una reserva de alojamiento. Adem\u00e1s, se pedir\u00e1 una\u00a0<a href=\"http:\/\/sicoin.gobiernosde.gob.ar\/\" target=\"_blank\" style=\"padding:0px;margin:0px;box-sizing:border-box;text-decoration-line:none;color:rgb(8,88,168)\" rel=\"noopener\">declaraci\u00f3n jurada<\/a>.<\/p>\n<p style=\"padding:0px;margin:20px 0px;box-sizing:border-box;color:rgb(51,51,51);line-height:26px;font-size:20px\"><b style=\"padding:0px;margin:0px;box-sizing:border-box\">-La Rioja<\/b>: pide el\u00a0<a href=\"https:\/\/www.argentina.gob.ar\/verano\" target=\"_blank\" style=\"padding:0px;margin:0px;box-sizing:border-box;text-decoration-line:none;color:rgb(8,88,168)\" rel=\"noopener\">Certificado Verano<\/a>.<\/p>\n<p style=\"padding:0px;margin:20px 0px;box-sizing:border-box;color:rgb(51,51,51);line-height:26px;font-size:20px\">&#8211;<b style=\"padding:0px;margin:0px;box-sizing:border-box\">San Juan<\/b>:\u00a0 pide el\u00a0<a href=\"https:\/\/www.argentina.gob.ar\/verano\" target=\"_blank\" style=\"padding:0px;margin:0px;box-sizing:border-box;text-decoration-line:none;color:rgb(8,88,168)\" rel=\"noopener\">Certificado Verano<\/a>.<\/p>\n<p style=\"padding:0px;margin:20px 0px;box-sizing:border-box;color:rgb(51,51,51);line-height:26px;font-size:20px\"><b style=\"padding:0px;margin:0px;box-sizing:border-box\">-Santa Fe<\/b>:\u00a0<a href=\"https:\/\/www.argentina.gob.ar\/verano\" target=\"_blank\" style=\"padding:0px;margin:0px;box-sizing:border-box;text-decoration-line:none;color:rgb(8,88,168)\" rel=\"noopener\">Certificado Verano<\/a>, tener reserva de alojamiento y registrarse en la app del gobierno provincial<\/p>\n<p style=\"padding:0px;margin:20px 0px;box-sizing:border-box;color:rgb(51,51,51);line-height:26px;font-size:20px\"><b style=\"padding:0px;margin:0px;box-sizing:border-box\">-San Luis<\/b>: pide el\u00a0<a href=\"https:\/\/www.argentina.gob.ar\/verano\" target=\"_blank\" style=\"padding:0px;margin:0px;box-sizing:border-box;text-decoration-line:none;color:rgb(8,88,168)\" rel=\"noopener\">Certificado Verano<\/a>.<\/p>\n<p style=\"padding:0px;margin:20px 0px;box-sizing:border-box;color:rgb(51,51,51);line-height:26px;font-size:20px\"><b style=\"padding:0px;margin:0px;box-sizing:border-box\">-Mendoza<\/b>: pide el\u00a0<a href=\"https:\/\/www.argentina.gob.ar\/verano\" target=\"_blank\" style=\"padding:0px;margin:0px;box-sizing:border-box;text-decoration-line:none;color:rgb(8,88,168)\" rel=\"noopener\">Certificado Verano<\/a>.<\/p>\n<p style=\"padding:0px;margin:20px 0px;box-sizing:border-box;color:rgb(51,51,51);line-height:26px;font-size:20px\"><b style=\"padding:0px;margin:0px;box-sizing:border-box\">-La Pampa:<\/b>\u00a0gestionar un\u00a0<a href=\"https:\/\/ingreso.lapampa.gob.ar\/ingresounico\/servlet\/mensajeinicial\" target=\"_blank\" style=\"padding:0px;margin:0px;box-sizing:border-box;text-decoration-line:none;color:rgb(8,88,168)\" rel=\"noopener\">permiso provincial<\/a>.<\/p>\n<p style=\"padding:0px;margin:20px 0px;box-sizing:border-box;color:rgb(51,51,51);line-height:26px;font-size:20px\"><b style=\"padding:0px;margin:0px;box-sizing:border-box\">-Neuqu\u00e9n<\/b>:\u00a0<a href=\"https:\/\/www.argentina.gob.ar\/verano\" target=\"_blank\" style=\"padding:0px;margin:0px;box-sizing:border-box;text-decoration-line:none;color:rgb(8,88,168)\" rel=\"noopener\">Certificado Verano<\/a>, seguro m\u00e9dico para mayores de 60 a\u00f1os y grupo de riesgo y reserva de alojamiento.<\/p>\n<p style=\"padding:0px;margin:20px 0px;box-sizing:border-box;color:rgb(51,51,51);line-height:26px;font-size:20px\"><b style=\"padding:0px;margin:0px;box-sizing:border-box\">-Chubut<\/b>:\u00a0<a href=\"https:\/\/www.argentina.gob.ar\/verano\" target=\"_blank\" style=\"padding:0px;margin:0px;box-sizing:border-box;text-decoration-line:none;color:rgb(8,88,168)\" rel=\"noopener\">Certificado Verano<\/a>, seguro m\u00e9dico y otras restricciones seg\u00fan el sitio tur\u00edstico a visitar. Mir\u00e1 m\u00e1s detalles\u00a0<a href=\"https:\/\/descubri.cadena3.com\/noticia.asp?categoria=consejos&amp;titulo=cuales-son-los-requisitos-para-ingresar-a-chubut&amp;id=279952\" target=\"_blank\" style=\"padding:0px;margin:0px;box-sizing:border-box;text-decoration-line:none;color:rgb(8,88,168)\" rel=\"noopener\">en esta nota<\/a>.<\/p>\n<p style=\"padding:0px;margin:20px 0px;box-sizing:border-box;color:rgb(51,51,51);line-height:26px;font-size:20px\"><b style=\"padding:0px;margin:0px;box-sizing:border-box\">-R\u00edo Negro<\/b>:\u00a0<a href=\"https:\/\/www.argentina.gob.ar\/verano\" target=\"_blank\" style=\"padding:0px;margin:0px;box-sizing:border-box;text-decoration-line:none;color:rgb(8,88,168)\" rel=\"noopener\">Certificado Veran<\/a>o, seguro m\u00e9dico opcional y descargar la app de\u00a0<a href=\"https:\/\/circulacionrn.altec.com.ar\/qec\/index.php\" target=\"_blank\" style=\"padding:0px;margin:0px;box-sizing:border-box;text-decoration-line:none;color:rgb(8,88,168)\" rel=\"noopener\">Circulaci\u00f3n RN<\/a>.<\/p>\n<p style=\"padding:0px;margin:20px 0px;box-sizing:border-box;color:rgb(51,51,51);line-height:26px;font-size:20px\"><b style=\"padding:0px;margin:0px;box-sizing:border-box\">-Santa Cruz<\/b>: en algunos destinos, PCR negativo al ingresar;\u00a0<a href=\"https:\/\/circulacion.santacruz.gob.ar\/\" target=\"_blank\" style=\"padding:0px;margin:0px;box-sizing:border-box;text-decoration-line:none;color:rgb(8,88,168)\" rel=\"noopener\">declaraci\u00f3n jurada\u00a0<\/a>y seguro m\u00e9dico.\u00a0<a href=\"https:\/\/descubri.cadena3.com\/noticia.asp?categoria=consejos&amp;titulo=cuales-son-los-requisitos-para-ingresar-a-santa-cruz&amp;id=279807\" target=\"_blank\" style=\"padding:0px;margin:0px;box-sizing:border-box;text-decoration-line:none;color:rgb(8,88,168)\" rel=\"noopener\">M\u00e1s detalles en esta nota.\u00a0<\/a><\/p>\n<p style=\"padding:0px;margin:20px 0px;box-sizing:border-box;color:rgb(51,51,51);line-height:26px;font-size:20px\"><b style=\"padding:0px;margin:0px;box-sizing:border-box\">-Tierra del Fuego:\u00a0<\/b>pedir\u00e1 el\u00a0<a href=\"https:\/\/www.argentina.gob.ar\/verano\" target=\"_blank\" style=\"padding:0px;margin:0px;box-sizing:border-box;text-decoration-line:none;color:rgb(8,88,168)\" rel=\"noopener\">Certificado Verano<\/a>, reserva de alojamiento y seguro de viajes que cubra COVID-19<\/p>\n<p style=\"padding:0px;margin:20px 0px;box-sizing:border-box;color:rgb(51,51,51);line-height:26px;font-size:20px\">FUENTE: CADENA 3.-<\/p>\n<\/div>\n<\/div>\n","protected":false},"excerpt":{"rendered":"<p>Cada jurisdicci\u00f3n impondr\u00e1 ciertas condiciones para recibir turistas el pr\u00f3ximo fin de semana largo. Algunas s\u00f3lo pedir\u00e1n el Certificado de Verano.\u00a0En esta nota podr\u00e1s ver provincia por provincia. -C\u00f3rdoba:\u00a0s\u00f3lo pedir\u00e1 el Certificado Verano que puede tramitarse\u00a0en este link. Si alg\u00fan residente requiere de PCR para viajar a otra provincia, puede hac\u00e9rselo de forma gratuita en [&hellip;]<\/p>\n","protected":false},"author":1,"featured_media":9653,"comment_status":"closed","ping_status":"closed","sticky":false,"template":"","format":"standard","meta":{"footnotes":""},"categories":[8],"tags":[],"class_list":{"0":"post-9652","1":"post","2":"type-post","3":"status-publish","4":"format-standard","5":"has-post-thumbnail","7":"category-nacionales"},"_links":{"self":[{"href":"https:\/\/chacosintesis.com.ar\/index.php\/wp-json\/wp\/v2\/posts\/9652","targetHints":{"allow":["GET"]}}],"collection":[{"href":"https:\/\/chacosintesis.com.ar\/index.php\/wp-json\/wp\/v2\/posts"}],"about":[{"href":"https:\/\/chacosintesis.com.ar\/index.php\/wp-json\/wp\/v2\/types\/post"}],"author":[{"embeddable":true,"href":"https:\/\/chacosintesis.com.ar\/index.php\/wp-json\/wp\/v2\/users\/1"}],"replies":[{"embeddable":true,"href":"https:\/\/chacosintesis.com.ar\/index.php\/wp-json\/wp\/v2\/comments?post=9652"}],"version-history":[{"count":0,"href":"https:\/\/chacosintesis.com.ar\/index.php\/wp-json\/wp\/v2\/posts\/9652\/revisions"}],"wp:featuredmedia":[{"embeddable":true,"href":"https:\/\/chacosintesis.com.ar\/index.php\/wp-json\/wp\/v2\/media\/9653"}],"wp:attachment":[{"href":"https:\/\/chacosintesis.com.ar\/index.php\/wp-json\/wp\/v2\/media?parent=9652"}],"wp:term":[{"taxonomy":"category","embeddable":true,"href":"https:\/\/chacosintesis.com.ar\/index.php\/wp-json\/wp\/v2\/categories?post=9652"},{"taxonomy":"post_tag","embeddable":true,"href":"https:\/\/chacosintesis.com.ar\/index.php\/wp-json\/wp\/v2\/tags?post=9652"}],"curies":[{"name":"wp","href":"https:\/\/api.w.org\/{rel}","templated":true}]}}