{"id":9611,"date":"2021-03-25T21:42:27","date_gmt":"2021-03-26T00:42:27","guid":{"rendered":"https:\/\/chacosintesis.com.ar\/?p=9611"},"modified":"2021-03-25T22:07:01","modified_gmt":"2021-03-26T01:07:01","slug":"el-gobierno-anuncio-que-a-partir-de-este-sabado-se-suspenden-los-vuelos-desde-brasil-chile-y-mexico","status":"publish","type":"post","link":"https:\/\/chacosintesis.com.ar\/index.php\/el-gobierno-anuncio-que-a-partir-de-este-sabado-se-suspenden-los-vuelos-desde-brasil-chile-y-mexico\/","title":{"rendered":"El Gobierno anunci\u00f3 que a partir de este s\u00e1bado se suspenden los vuelos desde Brasil, Chile y M\u00e9xico"},"content":{"rendered":"<div dir=\"ltr\">Con el fin de enfrentar la segunda ola de COVID-19, el gobierno nacional suspendi\u00f3 los vuelos desde Brasil, Chile y M\u00e9xico. La medida, tal como hab\u00eda adelantado Infobae, entrar\u00e1 en vigencia el pr\u00f3ximo s\u00e1bado y ser\u00e1 publicada esta noche en el Bolet\u00edn Oficial. Se trata de una decisi\u00f3n administrativa de la Jefatura de Gabinete que conduce Santiago Cafiero.<\/p>\n<p>Las personas que ingresen al pa\u00eds deber\u00e1 hacerse un testeo para poder abordar el avi\u00f3n que lo deposite en Argentina. Luego de deber\u00e1n hacer otro testo una vez que pisen territorio nacional y un tercer testeo al s\u00e9ptimo d\u00eda del ingreso. Todos estar\u00e1n a cargo del pasajero. El objetivo primordial es evitar que ingresen las nuevas cepas de Manaos y sudafricana, que tienen un alto nivel de contagio.<\/p>\n<p>Las personas que tengan resultados positivos al ingreso al pa\u00eds deber\u00e1n realizar otro testeo de secuenciaci\u00f3n gen\u00f3mica y, junto con sus contactos estrechos, cumplir aislamiento en los lugares que indiquen las autoridades nacionales, hasta su traslado seguro hasta su lugar de residencia. La estad\u00eda en ese lugar estar\u00e1 a cargo del pasajero.<\/p>\n<p>Aquello que tengan testeos negativos cursar\u00e1n aislamiento en sus domicilios y deber\u00e1n realizar un nuevo test para finalizarlo. Quienes regresen del exterior est\u00e1n obligados a aislarse 10 d\u00edas, contados desde el primer testeo realizado en el pa\u00eds de origen. Seg\u00fan explicaron fuentes oficiales a este medio, cada argentino que est\u00e9 en el exterior deber\u00e1 reprogramar con su aerol\u00ednea la fecha de regreso.<\/p>\n<div><\/div>\n<div>Diariochaco.-<\/div>\n<\/div>\n","protected":false},"excerpt":{"rendered":"<p>Con el fin de enfrentar la segunda ola de COVID-19, el gobierno nacional suspendi\u00f3 los vuelos desde Brasil, Chile y M\u00e9xico. La medida, tal como hab\u00eda adelantado Infobae, entrar\u00e1 en vigencia el pr\u00f3ximo s\u00e1bado y ser\u00e1 publicada esta noche en el Bolet\u00edn Oficial. Se trata de una decisi\u00f3n administrativa de la Jefatura de Gabinete que [&hellip;]<\/p>\n","protected":false},"author":1,"featured_media":9612,"comment_status":"closed","ping_status":"closed","sticky":false,"template":"","format":"standard","meta":{"footnotes":""},"categories":[8],"tags":[],"class_list":{"0":"post-9611","1":"post","2":"type-post","3":"status-publish","4":"format-standard","5":"has-post-thumbnail","7":"category-nacionales"},"_links":{"self":[{"href":"https:\/\/chacosintesis.com.ar\/index.php\/wp-json\/wp\/v2\/posts\/9611","targetHints":{"allow":["GET"]}}],"collection":[{"href":"https:\/\/chacosintesis.com.ar\/index.php\/wp-json\/wp\/v2\/posts"}],"about":[{"href":"https:\/\/chacosintesis.com.ar\/index.php\/wp-json\/wp\/v2\/types\/post"}],"author":[{"embeddable":true,"href":"https:\/\/chacosintesis.com.ar\/index.php\/wp-json\/wp\/v2\/users\/1"}],"replies":[{"embeddable":true,"href":"https:\/\/chacosintesis.com.ar\/index.php\/wp-json\/wp\/v2\/comments?post=9611"}],"version-history":[{"count":0,"href":"https:\/\/chacosintesis.com.ar\/index.php\/wp-json\/wp\/v2\/posts\/9611\/revisions"}],"wp:featuredmedia":[{"embeddable":true,"href":"https:\/\/chacosintesis.com.ar\/index.php\/wp-json\/wp\/v2\/media\/9612"}],"wp:attachment":[{"href":"https:\/\/chacosintesis.com.ar\/index.php\/wp-json\/wp\/v2\/media?parent=9611"}],"wp:term":[{"taxonomy":"category","embeddable":true,"href":"https:\/\/chacosintesis.com.ar\/index.php\/wp-json\/wp\/v2\/categories?post=9611"},{"taxonomy":"post_tag","embeddable":true,"href":"https:\/\/chacosintesis.com.ar\/index.php\/wp-json\/wp\/v2\/tags?post=9611"}],"curies":[{"name":"wp","href":"https:\/\/api.w.org\/{rel}","templated":true}]}}