{"id":9580,"date":"2021-03-22T17:05:15","date_gmt":"2021-03-22T20:05:15","guid":{"rendered":"https:\/\/chacosintesis.com.ar\/?p=9580"},"modified":"2021-03-22T17:36:49","modified_gmt":"2021-03-22T20:36:49","slug":"detectaron-en-corrientes-una-nueva-cepa-proveniente-de-brasil","status":"publish","type":"post","link":"https:\/\/chacosintesis.com.ar\/index.php\/detectaron-en-corrientes-una-nueva-cepa-proveniente-de-brasil\/","title":{"rendered":"Detectaron en Corrientes una nueva cepa proveniente de Brasil"},"content":{"rendered":"<div dir=\"ltr\">Se trata de la cepa R\u00edo de Janeiro, la cual fue confirmada luego de los estudios realizados por el Instituto Malbr\u00e1n.<\/p>\n<p>Desde el gobierno de la provincia, se notific\u00f3 que Corrientes ya posee una nueva cepa proveniente del exterior. La misma es originaria de Brasil, se trata precisamente de la cepa R\u00edo de Janeiro<\/p>\n<p>El ministro Secretario General, Carlos Vignolo, comunic\u00f3 que los casos fueron detectados en la localidad de Ituzaing\u00f3. El contacto fue dado a partir de las obras en la represa de Yacyret\u00e1, m\u00e1s precisamente en el brazo de A\u00f1\u00e1 Cu\u00e1.<\/p>\n<p>En primera instancia, se sembr\u00f3 un alto grado de preocupaci\u00f3n ya que estimaban que se trataba de la cepa Manaos, la cual posee un mayor \u00edndice de mortalidad. Pero tras los an\u00e1lisis llevados a cabo por el Instituto Malbr\u00e1n, se determin\u00f3 que era la R\u00edo de Janeiro, con menor \u00edndice de mortalidad, pero m\u00e1s contagiosa.<\/p>\n<p>Desde el ministerio de Salud compartieron un nuevo parte epidemiol\u00f3gico, con los datos obtenidos tambi\u00e9n en el Hospital Escuela.<\/p>\n<p>Fuente: <a href=\"http:\/\/ellitoral.com\">ellitoral.com<\/a> <\/div>\n","protected":false},"excerpt":{"rendered":"<p>Se trata de la cepa R\u00edo de Janeiro, la cual fue confirmada luego de los estudios realizados por el Instituto Malbr\u00e1n. Desde el gobierno de la provincia, se notific\u00f3 que Corrientes ya posee una nueva cepa proveniente del exterior. La misma es originaria de Brasil, se trata precisamente de la cepa R\u00edo de Janeiro El [&hellip;]<\/p>\n","protected":false},"author":1,"featured_media":9581,"comment_status":"closed","ping_status":"closed","sticky":false,"template":"","format":"standard","meta":{"footnotes":""},"categories":[8],"tags":[],"class_list":{"0":"post-9580","1":"post","2":"type-post","3":"status-publish","4":"format-standard","5":"has-post-thumbnail","7":"category-nacionales"},"_links":{"self":[{"href":"https:\/\/chacosintesis.com.ar\/index.php\/wp-json\/wp\/v2\/posts\/9580","targetHints":{"allow":["GET"]}}],"collection":[{"href":"https:\/\/chacosintesis.com.ar\/index.php\/wp-json\/wp\/v2\/posts"}],"about":[{"href":"https:\/\/chacosintesis.com.ar\/index.php\/wp-json\/wp\/v2\/types\/post"}],"author":[{"embeddable":true,"href":"https:\/\/chacosintesis.com.ar\/index.php\/wp-json\/wp\/v2\/users\/1"}],"replies":[{"embeddable":true,"href":"https:\/\/chacosintesis.com.ar\/index.php\/wp-json\/wp\/v2\/comments?post=9580"}],"version-history":[{"count":0,"href":"https:\/\/chacosintesis.com.ar\/index.php\/wp-json\/wp\/v2\/posts\/9580\/revisions"}],"wp:featuredmedia":[{"embeddable":true,"href":"https:\/\/chacosintesis.com.ar\/index.php\/wp-json\/wp\/v2\/media\/9581"}],"wp:attachment":[{"href":"https:\/\/chacosintesis.com.ar\/index.php\/wp-json\/wp\/v2\/media?parent=9580"}],"wp:term":[{"taxonomy":"category","embeddable":true,"href":"https:\/\/chacosintesis.com.ar\/index.php\/wp-json\/wp\/v2\/categories?post=9580"},{"taxonomy":"post_tag","embeddable":true,"href":"https:\/\/chacosintesis.com.ar\/index.php\/wp-json\/wp\/v2\/tags?post=9580"}],"curies":[{"name":"wp","href":"https:\/\/api.w.org\/{rel}","templated":true}]}}