{"id":9550,"date":"2021-03-20T11:49:43","date_gmt":"2021-03-20T14:49:43","guid":{"rendered":"https:\/\/chacosintesis.com.ar\/?p=9550"},"modified":"2021-03-20T12:07:02","modified_gmt":"2021-03-20T15:07:02","slug":"vizzotti-la-segunda-ola-es-una-posibilidad-concreta-en-la-argentina","status":"publish","type":"post","link":"https:\/\/chacosintesis.com.ar\/index.php\/vizzotti-la-segunda-ola-es-una-posibilidad-concreta-en-la-argentina\/","title":{"rendered":"Vizzotti: &#8220;La segunda ola es una posibilidad concreta en la Argentina&#8221;"},"content":{"rendered":"<div dir=\"ltr\">\n<h6 style=\"margin:0px 0px 30px;padding:0px;,sans-serif;line-height:1.8;font-size:1rem\">\n<p style=\"margin:0px 0px 1rem;padding:0px;font-size:15px;line-height:1.4;text-align:justify\"><span style=\"margin:0px;padding:0px;font-size:11pt\"><span style=\"margin:0px;padding:0px;font-family:Calibri,sans-serif\"><span style=\"margin:0px;padding:0px;font-size:12pt\"><span style=\"margin:0px;padding:0px;font-family:Arial,sans-serif\">Conferencia de prensa de la ministra de Salud en Casa Rosada tras la reuni\u00f3n del Consejo Federal de Salud.<\/span><\/span><\/span><\/span><\/p>\n<p style=\"margin:0px 0px 1rem;padding:0px;font-size:15px;line-height:1.4;font-weight:400;text-align:justify\"><span style=\"margin:0px;padding:0px;font-size:11pt\"><span style=\"margin:0px;padding:0px;font-family:Calibri,sans-serif\"><span style=\"margin:0px;padding:0px;font-size:12pt\"><span style=\"margin:0px;padding:0px;font-family:Arial,sans-serif\">La ministra de Salud, Carla Vizzotti, reconoci\u00f3 que en medio de la pandemia de coronavirus &quot;la segunda ola es una posibilidad concreta en la Argentina&quot;, al encabezar una conferencia de prensa en Casa Rosada tras reuni\u00f3n del Consejo Federal de Salud. Del encuentro particip\u00f3 la ministra de Salud del Chaco, Paola Ben\u00edtez.<\/span><\/span><\/span><\/span><\/p>\n<p style=\"margin:0px 0px 1rem;padding:0px;font-size:15px;line-height:1.4;font-weight:400;text-align:justify\"><span style=\"margin:0px;padding:0px;font-size:11pt\"><span style=\"margin:0px;padding:0px;font-family:Calibri,sans-serif\"><span style=\"margin:0px;padding:0px;font-size:12pt\"><span style=\"margin:0px;padding:0px;font-family:Arial,sans-serif\">En ese sentido, la funcionaria nacional asegur\u00f3 que existe consenso en el Consejo para &quot;desalentar los viajes al exterior y el turismo&quot; por el riesgo que implica, no s\u00f3lo de contagios entre pasajeros, sino &quot;sanitario&quot; de &quot;traer al pa\u00eds nuevas cepas&quot; de coronavirus. &quot;Queremos minimizar el ingreso de nuevas cepas, estamos trabajando en un corredor seguro para las personas que ingresan al pa\u00eds&quot;, dijo y record\u00f3 que &quot;las fronteras para extranjeros siguen cerradas&quot; desde diciembre.<\/span><\/span><\/span><\/span><\/p>\n<p style=\"margin:0px 0px 1rem;padding:0px;font-size:15px;line-height:1.4;font-weight:400;text-align:justify\"><span style=\"margin:0px;padding:0px;font-size:11pt\"><span style=\"margin:0px;padding:0px;font-family:Calibri,sans-serif\"><span style=\"margin:0px;padding:0px;font-size:12pt\"><span style=\"margin:0px;padding:0px;font-family:Arial,sans-serif\">Adem\u00e1s, la ministra ratific\u00f3 el consenso que existe entre sus colegas provinciales respecto al rumbo de la pol\u00edtica sanitaria ante la pandemia de coronavirus para &quot;minimizar el impacto de la mortalidad vacunando a personas de mayor riesgo&quot;. Y destac\u00f3 el valor de la vacunaci\u00f3n para que, aun habiendo contagios de coronavirus, los &quot;casos sean leves&quot;, se &quot;baje la mortalidad&quot; y el sistema de salud pueda &quot;dar respuesta sin tensi\u00f3n&quot;.<\/span><\/span><\/span><\/span><\/p>\n<p style=\"margin:0px 0px 1rem;padding:0px;font-size:15px;line-height:1.4;font-weight:400;text-align:justify\"><span style=\"margin:0px;padding:0px;font-size:11pt\"><span style=\"margin:0px;padding:0px;font-family:Calibri,sans-serif\"><span style=\"margin:0px;padding:0px;font-size:12pt\"><span style=\"margin:0px;padding:0px;font-family:Arial,sans-serif\">En ese marco, destac\u00f3 la actitud del presidente Alberto Fern\u00e1ndez de ponerse &quot;a la cabeza de la lucha contra el coronavirus&quot; desde el inicio de la pandemia. Por su parte, el ministro de Salud bonaerense, Daniel Gollan, asegur\u00f3 al ser consultado sobre los remanentes de las dosis para frenar el coronavirus: &quot;Nosotros no vamos a tirar vacunas&quot;.<\/span><\/span><\/span><\/span><\/p>\n<p style=\"margin:0px 0px 1rem;padding:0px;font-size:15px;line-height:1.4;font-weight:400;text-align:justify\">\u00a0La ministra de Salud del Chaco, Paola Ben\u00edtez, particip\u00f3 del encuentro del Consejo Federal de Salud,<\/p>\n<p style=\"margin:0px 0px 1rem;padding:0px;font-size:15px;line-height:1.4;text-align:justify\"><span style=\"margin:0px;padding:0px;font-size:11pt\"><span style=\"margin:0px;padding:0px;font-family:Calibri,sans-serif\"><span style=\"margin:0px;padding:0px;font-size:12pt\"><span style=\"margin:0px;padding:0px;font-family:Arial,sans-serif\"><br class=\"gmail-Apple-interchange-newline\"><\/span><\/span><\/span><\/span><\/p>\n<\/h6>\n<div style=\"margin:0px;padding:0px;,sans-serif;font-size:20.8px\">\n<div id=\"gmail-carouselExampleControls\" class=\"gmail-carousel gmail-slide\" style=\"margin:0px;padding:0px\">\n<div class=\"gmail-carousel-inner\" style=\"margin:0px;padding:0px;width:609.984px;overflow:hidden\">\n<div class=\"gmail-carousel-item gmail-active\" style=\"margin:0px;padding:0px;width:609.984px\"><\/div>\n<\/div>\n<\/div>\n<\/div>\n<p><br class=\"gmail-Apple-interchange-newline\"><\/div>\n<div class=\"postie-attachments\"><a href=\"https:\/\/chacosintesis.com.ar\/?attachment_id=9552\"><img decoding=\"async\" src=\"data:image\/gif;base64,R0lGODlhAQABAIAAAAAAAP\/\/\/ywAAAAAAQABAAACAUwAOw==\" fifu-lazy=\"1\" fifu-data-sizes=\"auto\" fifu-data-srcset=\"https:\/\/i3.wp.com\/chacosintesis.com.ar\/wp-content\/uploads\/2021\/03\/605507b4818e7007793785-300x200.jpg?ssl=1&w=75&resize=75&ssl=1 75w, https:\/\/i3.wp.com\/chacosintesis.com.ar\/wp-content\/uploads\/2021\/03\/605507b4818e7007793785-300x200.jpg?ssl=1&w=100&resize=100&ssl=1 100w, https:\/\/i3.wp.com\/chacosintesis.com.ar\/wp-content\/uploads\/2021\/03\/605507b4818e7007793785-300x200.jpg?ssl=1&w=150&resize=150&ssl=1 150w, https:\/\/i3.wp.com\/chacosintesis.com.ar\/wp-content\/uploads\/2021\/03\/605507b4818e7007793785-300x200.jpg?ssl=1&w=240&resize=240&ssl=1 240w, https:\/\/i3.wp.com\/chacosintesis.com.ar\/wp-content\/uploads\/2021\/03\/605507b4818e7007793785-300x200.jpg?ssl=1&w=320&resize=320&ssl=1 320w, https:\/\/i3.wp.com\/chacosintesis.com.ar\/wp-content\/uploads\/2021\/03\/605507b4818e7007793785-300x200.jpg?ssl=1&w=500&resize=500&ssl=1 500w, https:\/\/i3.wp.com\/chacosintesis.com.ar\/wp-content\/uploads\/2021\/03\/605507b4818e7007793785-300x200.jpg?ssl=1&w=640&resize=640&ssl=1 640w, https:\/\/i3.wp.com\/chacosintesis.com.ar\/wp-content\/uploads\/2021\/03\/605507b4818e7007793785-300x200.jpg?ssl=1&w=800&resize=800&ssl=1 800w, https:\/\/i3.wp.com\/chacosintesis.com.ar\/wp-content\/uploads\/2021\/03\/605507b4818e7007793785-300x200.jpg?ssl=1&w=1024&resize=1024&ssl=1 1024w, https:\/\/i3.wp.com\/chacosintesis.com.ar\/wp-content\/uploads\/2021\/03\/605507b4818e7007793785-300x200.jpg?ssl=1&w=1280&resize=1280&ssl=1 1280w, https:\/\/i3.wp.com\/chacosintesis.com.ar\/wp-content\/uploads\/2021\/03\/605507b4818e7007793785-300x200.jpg?ssl=1&w=1600&resize=1600&ssl=1 1600w\" fifu-data-src=\"https:\/\/i3.wp.com\/chacosintesis.com.ar\/wp-content\/uploads\/2021\/03\/605507b4818e7007793785-300x200.jpg?ssl=1\" alt=\"\" width=\"300px\" height=\"200px\" class=\"alignnone size-medium wp-image-9552\" \/><\/a><\/div>\n","protected":false},"excerpt":{"rendered":"<p>Conferencia de prensa de la ministra de Salud en Casa Rosada tras la reuni\u00f3n del Consejo Federal de Salud. La ministra de Salud, Carla Vizzotti, reconoci\u00f3 que en medio de la pandemia de coronavirus &quot;la segunda ola es una posibilidad concreta en la Argentina&quot;, al encabezar una conferencia de prensa en Casa Rosada tras reuni\u00f3n [&hellip;]<\/p>\n","protected":false},"author":1,"featured_media":9551,"comment_status":"closed","ping_status":"closed","sticky":false,"template":"","format":"standard","meta":{"footnotes":""},"categories":[8],"tags":[],"class_list":{"0":"post-9550","1":"post","2":"type-post","3":"status-publish","4":"format-standard","5":"has-post-thumbnail","7":"category-nacionales"},"_links":{"self":[{"href":"https:\/\/chacosintesis.com.ar\/index.php\/wp-json\/wp\/v2\/posts\/9550","targetHints":{"allow":["GET"]}}],"collection":[{"href":"https:\/\/chacosintesis.com.ar\/index.php\/wp-json\/wp\/v2\/posts"}],"about":[{"href":"https:\/\/chacosintesis.com.ar\/index.php\/wp-json\/wp\/v2\/types\/post"}],"author":[{"embeddable":true,"href":"https:\/\/chacosintesis.com.ar\/index.php\/wp-json\/wp\/v2\/users\/1"}],"replies":[{"embeddable":true,"href":"https:\/\/chacosintesis.com.ar\/index.php\/wp-json\/wp\/v2\/comments?post=9550"}],"version-history":[{"count":0,"href":"https:\/\/chacosintesis.com.ar\/index.php\/wp-json\/wp\/v2\/posts\/9550\/revisions"}],"wp:featuredmedia":[{"embeddable":true,"href":"https:\/\/chacosintesis.com.ar\/index.php\/wp-json\/wp\/v2\/media\/9551"}],"wp:attachment":[{"href":"https:\/\/chacosintesis.com.ar\/index.php\/wp-json\/wp\/v2\/media?parent=9550"}],"wp:term":[{"taxonomy":"category","embeddable":true,"href":"https:\/\/chacosintesis.com.ar\/index.php\/wp-json\/wp\/v2\/categories?post=9550"},{"taxonomy":"post_tag","embeddable":true,"href":"https:\/\/chacosintesis.com.ar\/index.php\/wp-json\/wp\/v2\/tags?post=9550"}],"curies":[{"name":"wp","href":"https:\/\/api.w.org\/{rel}","templated":true}]}}