{"id":9527,"date":"2021-03-17T22:06:12","date_gmt":"2021-03-18T01:06:12","guid":{"rendered":"https:\/\/chacosintesis.com.ar\/?p=9527"},"modified":"2021-03-17T22:07:29","modified_gmt":"2021-03-18T01:07:29","slug":"cristina-kirchner-renuncia-a-su-sueldo-de-vicepresidenta-pero-seguira-cobrando-dos-pensiones","status":"publish","type":"post","link":"https:\/\/chacosintesis.com.ar\/index.php\/cristina-kirchner-renuncia-a-su-sueldo-de-vicepresidenta-pero-seguira-cobrando-dos-pensiones\/","title":{"rendered":"Cristina Kirchner renuncia a su sueldo de vicepresidenta, pero seguir\u00e1 cobrando dos pensiones"},"content":{"rendered":"<div dir=\"ltr\">Sin embargo, percibir\u00e1 sus jubilaciones por expresidenta, que estaban frenadas.<\/p>\n<p>Cristina Kirchner anunci\u00f3 que dejar\u00e1 de percibir sus haberes como vicepresidenta desde abril. En una carta enviada al secretario General de la Presidencia, Jorge Vitobello, pidi\u00f3 que se instrumenten \u201clo pertinente para materializar\u201d su decisi\u00f3n.<\/p>\n<p>En la misma misiva, la actual titular del Senado explica que lleg\u00f3 a esta decisi\u00f3n luego que la Anses le informara que se le restituyeron las jubilaciones como expresidenta que estaban frenadas por un proceso judicial.<\/p>\n<p>\u201cMe dirijo a usted en mi car\u00e1cter de Vicepresidenta de la Naci\u00f3n, para poner en su conocimiento mi decisi\u00f3n de renunciar a percibir los haberes correspondientes al cargo para el que fui electa junto al Presidente de la Naci\u00f3n Doctor Alberto Fern\u00e1ndez, a partir del 01 de abril del corriente a\u00f1o\u201d, manifest\u00f3 la expresidenta.<\/p>\n<div><\/div>\n<div>Datachaco.-<\/div>\n<\/div>\n<div class=\"postie-attachments\"><a href=\"https:\/\/chacosintesis.com.ar\/?attachment_id=9529\"><img decoding=\"async\" src=\"data:image\/gif;base64,R0lGODlhAQABAIAAAAAAAP\/\/\/ywAAAAAAQABAAACAUwAOw==\" fifu-lazy=\"1\" fifu-data-sizes=\"auto\" fifu-data-srcset=\"https:\/\/i3.wp.com\/chacosintesis.com.ar\/wp-content\/uploads\/2021\/03\/multimedia.normal.aa25a98d9e8d39ec.6e6f74612d6372697374696e615f6e6f726d616c2e6a7067-300x194.jpg?ssl=1&w=75&resize=75&ssl=1 75w, https:\/\/i3.wp.com\/chacosintesis.com.ar\/wp-content\/uploads\/2021\/03\/multimedia.normal.aa25a98d9e8d39ec.6e6f74612d6372697374696e615f6e6f726d616c2e6a7067-300x194.jpg?ssl=1&w=100&resize=100&ssl=1 100w, https:\/\/i3.wp.com\/chacosintesis.com.ar\/wp-content\/uploads\/2021\/03\/multimedia.normal.aa25a98d9e8d39ec.6e6f74612d6372697374696e615f6e6f726d616c2e6a7067-300x194.jpg?ssl=1&w=150&resize=150&ssl=1 150w, https:\/\/i3.wp.com\/chacosintesis.com.ar\/wp-content\/uploads\/2021\/03\/multimedia.normal.aa25a98d9e8d39ec.6e6f74612d6372697374696e615f6e6f726d616c2e6a7067-300x194.jpg?ssl=1&w=240&resize=240&ssl=1 240w, https:\/\/i3.wp.com\/chacosintesis.com.ar\/wp-content\/uploads\/2021\/03\/multimedia.normal.aa25a98d9e8d39ec.6e6f74612d6372697374696e615f6e6f726d616c2e6a7067-300x194.jpg?ssl=1&w=320&resize=320&ssl=1 320w, https:\/\/i3.wp.com\/chacosintesis.com.ar\/wp-content\/uploads\/2021\/03\/multimedia.normal.aa25a98d9e8d39ec.6e6f74612d6372697374696e615f6e6f726d616c2e6a7067-300x194.jpg?ssl=1&w=500&resize=500&ssl=1 500w, https:\/\/i3.wp.com\/chacosintesis.com.ar\/wp-content\/uploads\/2021\/03\/multimedia.normal.aa25a98d9e8d39ec.6e6f74612d6372697374696e615f6e6f726d616c2e6a7067-300x194.jpg?ssl=1&w=640&resize=640&ssl=1 640w, https:\/\/i3.wp.com\/chacosintesis.com.ar\/wp-content\/uploads\/2021\/03\/multimedia.normal.aa25a98d9e8d39ec.6e6f74612d6372697374696e615f6e6f726d616c2e6a7067-300x194.jpg?ssl=1&w=800&resize=800&ssl=1 800w, https:\/\/i3.wp.com\/chacosintesis.com.ar\/wp-content\/uploads\/2021\/03\/multimedia.normal.aa25a98d9e8d39ec.6e6f74612d6372697374696e615f6e6f726d616c2e6a7067-300x194.jpg?ssl=1&w=1024&resize=1024&ssl=1 1024w, https:\/\/i3.wp.com\/chacosintesis.com.ar\/wp-content\/uploads\/2021\/03\/multimedia.normal.aa25a98d9e8d39ec.6e6f74612d6372697374696e615f6e6f726d616c2e6a7067-300x194.jpg?ssl=1&w=1280&resize=1280&ssl=1 1280w, https:\/\/i3.wp.com\/chacosintesis.com.ar\/wp-content\/uploads\/2021\/03\/multimedia.normal.aa25a98d9e8d39ec.6e6f74612d6372697374696e615f6e6f726d616c2e6a7067-300x194.jpg?ssl=1&w=1600&resize=1600&ssl=1 1600w\" fifu-data-src=\"https:\/\/i3.wp.com\/chacosintesis.com.ar\/wp-content\/uploads\/2021\/03\/multimedia.normal.aa25a98d9e8d39ec.6e6f74612d6372697374696e615f6e6f726d616c2e6a7067-300x194.jpg?ssl=1\" alt=\"\" width=\"300px\" height=\"194px\" class=\"alignnone size-medium wp-image-9529\" \/><\/a><\/div>\n","protected":false},"excerpt":{"rendered":"<p>Sin embargo, percibir\u00e1 sus jubilaciones por expresidenta, que estaban frenadas. Cristina Kirchner anunci\u00f3 que dejar\u00e1 de percibir sus haberes como vicepresidenta desde abril. En una carta enviada al secretario General de la Presidencia, Jorge Vitobello, pidi\u00f3 que se instrumenten \u201clo pertinente para materializar\u201d su decisi\u00f3n. En la misma misiva, la actual titular del Senado explica [&hellip;]<\/p>\n","protected":false},"author":1,"featured_media":9528,"comment_status":"closed","ping_status":"closed","sticky":false,"template":"","format":"standard","meta":{"footnotes":""},"categories":[8],"tags":[],"class_list":{"0":"post-9527","1":"post","2":"type-post","3":"status-publish","4":"format-standard","5":"has-post-thumbnail","7":"category-nacionales"},"_links":{"self":[{"href":"https:\/\/chacosintesis.com.ar\/index.php\/wp-json\/wp\/v2\/posts\/9527","targetHints":{"allow":["GET"]}}],"collection":[{"href":"https:\/\/chacosintesis.com.ar\/index.php\/wp-json\/wp\/v2\/posts"}],"about":[{"href":"https:\/\/chacosintesis.com.ar\/index.php\/wp-json\/wp\/v2\/types\/post"}],"author":[{"embeddable":true,"href":"https:\/\/chacosintesis.com.ar\/index.php\/wp-json\/wp\/v2\/users\/1"}],"replies":[{"embeddable":true,"href":"https:\/\/chacosintesis.com.ar\/index.php\/wp-json\/wp\/v2\/comments?post=9527"}],"version-history":[{"count":0,"href":"https:\/\/chacosintesis.com.ar\/index.php\/wp-json\/wp\/v2\/posts\/9527\/revisions"}],"wp:featuredmedia":[{"embeddable":true,"href":"https:\/\/chacosintesis.com.ar\/index.php\/wp-json\/wp\/v2\/media\/9528"}],"wp:attachment":[{"href":"https:\/\/chacosintesis.com.ar\/index.php\/wp-json\/wp\/v2\/media?parent=9527"}],"wp:term":[{"taxonomy":"category","embeddable":true,"href":"https:\/\/chacosintesis.com.ar\/index.php\/wp-json\/wp\/v2\/categories?post=9527"},{"taxonomy":"post_tag","embeddable":true,"href":"https:\/\/chacosintesis.com.ar\/index.php\/wp-json\/wp\/v2\/tags?post=9527"}],"curies":[{"name":"wp","href":"https:\/\/api.w.org\/{rel}","templated":true}]}}