{"id":9517,"date":"2021-03-16T21:43:31","date_gmt":"2021-03-17T00:43:31","guid":{"rendered":"https:\/\/chacosintesis.com.ar\/?p=9517"},"modified":"2021-03-16T22:06:48","modified_gmt":"2021-03-17T01:06:48","slug":"navegaba-por-el-rio-parana-y-se-le-subio-una-yarara-al-kayak","status":"publish","type":"post","link":"https:\/\/chacosintesis.com.ar\/index.php\/navegaba-por-el-rio-parana-y-se-le-subio-una-yarara-al-kayak\/","title":{"rendered":"Navegaba por el r\u00edo Paran\u00e1 y se le subi\u00f3 una yarar\u00e1 al kayak"},"content":{"rendered":"<div dir=\"ltr\">El ofidio sorprendi\u00f3 al navegante que, seg\u00fan cont\u00f3, tuvo una particular reacci\u00f3n.<\/p>\n<p>Un kayakista fue sorprendido por una yarar\u00e1 mientras navegaba por el R\u00edo Paran\u00e1. Alejandro iba remando en su kayak cuando de repente el ofidio que estaba en el r\u00edo se le subi\u00f3 a su embarcaci\u00f3n.<\/p>\n<p>Lejos de atemorizarse con la presencia de la v\u00edbora, el protagonista de esta historia tuvo una particular reacci\u00f3n. \u201cFinalmente el hombre, quien se desempe\u00f1a como profesor la devolvi\u00f3 a la Isla. Viaj\u00f3 con ella hasta que encontr\u00f3 un lugar para resguardarla\u201d, se indic\u00f3 en una publicaci\u00f3n que fue acompa\u00f1ada por varias im\u00e1genes.<\/p>\n<p>\u00abSubite que te llevo\u00bb, escribi\u00f3 Alejandro debajo de las fotos que le tom\u00f3 a su inesperada pasajera.<\/p>\n<div><\/div>\n<div>Entremediosweb.-<\/div>\n<\/div>\n","protected":false},"excerpt":{"rendered":"<p>El ofidio sorprendi\u00f3 al navegante que, seg\u00fan cont\u00f3, tuvo una particular reacci\u00f3n. Un kayakista fue sorprendido por una yarar\u00e1 mientras navegaba por el R\u00edo Paran\u00e1. Alejandro iba remando en su kayak cuando de repente el ofidio que estaba en el r\u00edo se le subi\u00f3 a su embarcaci\u00f3n. Lejos de atemorizarse con la presencia de la [&hellip;]<\/p>\n","protected":false},"author":1,"featured_media":9518,"comment_status":"closed","ping_status":"closed","sticky":false,"template":"","format":"standard","meta":{"footnotes":""},"categories":[8],"tags":[],"class_list":{"0":"post-9517","1":"post","2":"type-post","3":"status-publish","4":"format-standard","5":"has-post-thumbnail","7":"category-nacionales"},"_links":{"self":[{"href":"https:\/\/chacosintesis.com.ar\/index.php\/wp-json\/wp\/v2\/posts\/9517","targetHints":{"allow":["GET"]}}],"collection":[{"href":"https:\/\/chacosintesis.com.ar\/index.php\/wp-json\/wp\/v2\/posts"}],"about":[{"href":"https:\/\/chacosintesis.com.ar\/index.php\/wp-json\/wp\/v2\/types\/post"}],"author":[{"embeddable":true,"href":"https:\/\/chacosintesis.com.ar\/index.php\/wp-json\/wp\/v2\/users\/1"}],"replies":[{"embeddable":true,"href":"https:\/\/chacosintesis.com.ar\/index.php\/wp-json\/wp\/v2\/comments?post=9517"}],"version-history":[{"count":0,"href":"https:\/\/chacosintesis.com.ar\/index.php\/wp-json\/wp\/v2\/posts\/9517\/revisions"}],"wp:featuredmedia":[{"embeddable":true,"href":"https:\/\/chacosintesis.com.ar\/index.php\/wp-json\/wp\/v2\/media\/9518"}],"wp:attachment":[{"href":"https:\/\/chacosintesis.com.ar\/index.php\/wp-json\/wp\/v2\/media?parent=9517"}],"wp:term":[{"taxonomy":"category","embeddable":true,"href":"https:\/\/chacosintesis.com.ar\/index.php\/wp-json\/wp\/v2\/categories?post=9517"},{"taxonomy":"post_tag","embeddable":true,"href":"https:\/\/chacosintesis.com.ar\/index.php\/wp-json\/wp\/v2\/tags?post=9517"}],"curies":[{"name":"wp","href":"https:\/\/api.w.org\/{rel}","templated":true}]}}