{"id":9506,"date":"2021-03-16T16:51:21","date_gmt":"2021-03-16T19:51:21","guid":{"rendered":"https:\/\/chacosintesis.com.ar\/?p=9506"},"modified":"2021-03-16T17:08:03","modified_gmt":"2021-03-16T20:08:03","slug":"la-camara-nacional-electoral-establecio-el-cronograma-electoral-para-las-legislativas-2021","status":"publish","type":"post","link":"https:\/\/chacosintesis.com.ar\/index.php\/la-camara-nacional-electoral-establecio-el-cronograma-electoral-para-las-legislativas-2021\/","title":{"rendered":"La C\u00e1mara Nacional Electoral estableci\u00f3 el cronograma electoral para las legislativas 2021"},"content":{"rendered":"<div dir=\"ltr\">Se establecieron cu\u00e1ndo ser\u00e1n las fechas de las elecciones primarias y las generales. Las primarias se realizar\u00e1n el 8 de agosto y las generales, el 24 de octubre. La fecha, no obstante, podr\u00eda modificarse si el Congreso sanciona una ley para suspender las PASO de manera excepcional por la pandemia de coronavirus.<\/p>\n<p>El presidente Alberto Fern\u00e1ndez reiter\u00f3 este lunes que la realizaci\u00f3n o no de las PASO es un asunto que debe resolver el Congreso, aunque apunt\u00f3 que \u201clos gobernadores insisten\u201d en suspenderlas y \u201ctienen un argumento interesante\u201d, en referencia a que esa compulsa deber\u00eda tener lugar en \u201cagosto, que es el peor mes del invierno, y que si la pandemia subsiste nos estamos exponiendo a un riesgo muy grande\u201d.<\/p>\n<p>De acuerdo al cronograma publicado por la C\u00e1mara Nacional Electoral, las campa\u00f1as electorales podr\u00e1n iniciarse a partir del 19 de junio, una vez que se hayan presentado las listas 10 d\u00edas antes, el 9 del mismo mes. No obstante, la campa\u00f1a en medios se dar\u00e1 inicio el 4 de julio.<\/p>\n<p>Respecto al padr\u00f3n electoral, el cierre del mismo ser\u00e1 el 27 de abril y la publicaci\u00f3n de los datos provisorios ser\u00e1 el 7 de mayo.<\/p>\n<p>El d\u00eda de las PASO estar\u00e1 prohibido publicar o difundir encuestas y proyecciones sobre el resultado de la elecci\u00f3n hasta tres horas despu\u00e9s de cerrados los comicios. Por lo tanto, se espera que los primeros resultados est\u00e9n alrededor de las 21 hs. El escrutinio definitivo iniciar\u00e1 el 10 de agosto.<\/p>\n<p>De cara a las elecciones generales, el fin del plazo para el registro de candidatos proclamados en las PASO ser\u00e1 el 4 de septiembre, y el inicio de la campa\u00f1a final, el 19 del mismo mes.<\/p>\n<p>PAGINA 12.-<\/p><\/div>\n","protected":false},"excerpt":{"rendered":"<p>Se establecieron cu\u00e1ndo ser\u00e1n las fechas de las elecciones primarias y las generales. Las primarias se realizar\u00e1n el 8 de agosto y las generales, el 24 de octubre. La fecha, no obstante, podr\u00eda modificarse si el Congreso sanciona una ley para suspender las PASO de manera excepcional por la pandemia de coronavirus. El presidente Alberto [&hellip;]<\/p>\n","protected":false},"author":1,"featured_media":9507,"comment_status":"closed","ping_status":"closed","sticky":false,"template":"","format":"standard","meta":{"footnotes":""},"categories":[8],"tags":[],"class_list":{"0":"post-9506","1":"post","2":"type-post","3":"status-publish","4":"format-standard","5":"has-post-thumbnail","7":"category-nacionales"},"_links":{"self":[{"href":"https:\/\/chacosintesis.com.ar\/index.php\/wp-json\/wp\/v2\/posts\/9506","targetHints":{"allow":["GET"]}}],"collection":[{"href":"https:\/\/chacosintesis.com.ar\/index.php\/wp-json\/wp\/v2\/posts"}],"about":[{"href":"https:\/\/chacosintesis.com.ar\/index.php\/wp-json\/wp\/v2\/types\/post"}],"author":[{"embeddable":true,"href":"https:\/\/chacosintesis.com.ar\/index.php\/wp-json\/wp\/v2\/users\/1"}],"replies":[{"embeddable":true,"href":"https:\/\/chacosintesis.com.ar\/index.php\/wp-json\/wp\/v2\/comments?post=9506"}],"version-history":[{"count":0,"href":"https:\/\/chacosintesis.com.ar\/index.php\/wp-json\/wp\/v2\/posts\/9506\/revisions"}],"wp:featuredmedia":[{"embeddable":true,"href":"https:\/\/chacosintesis.com.ar\/index.php\/wp-json\/wp\/v2\/media\/9507"}],"wp:attachment":[{"href":"https:\/\/chacosintesis.com.ar\/index.php\/wp-json\/wp\/v2\/media?parent=9506"}],"wp:term":[{"taxonomy":"category","embeddable":true,"href":"https:\/\/chacosintesis.com.ar\/index.php\/wp-json\/wp\/v2\/categories?post=9506"},{"taxonomy":"post_tag","embeddable":true,"href":"https:\/\/chacosintesis.com.ar\/index.php\/wp-json\/wp\/v2\/tags?post=9506"}],"curies":[{"name":"wp","href":"https:\/\/api.w.org\/{rel}","templated":true}]}}