{"id":9479,"date":"2021-03-12T21:42:19","date_gmt":"2021-03-13T00:42:19","guid":{"rendered":"https:\/\/chacosintesis.com.ar\/?p=9479"},"modified":"2021-03-12T22:07:29","modified_gmt":"2021-03-13T01:07:29","slug":"el-gobierno-prorrogo-hasta-el-9-de-abril-el-distanciamiento-social-preventivo-y-obligatorio","status":"publish","type":"post","link":"https:\/\/chacosintesis.com.ar\/index.php\/el-gobierno-prorrogo-hasta-el-9-de-abril-el-distanciamiento-social-preventivo-y-obligatorio\/","title":{"rendered":"El Gobierno prorrog\u00f3 hasta el 9 de abril el Distanciamiento, Social, Preventivo y Obligatorio"},"content":{"rendered":"<div dir=\"ltr\">El Gobierno prorrog\u00f3 este viernes el Distanciamiento Social Preventivo y Obligatorio (DISPO) hasta el 9 de abril. Aunque trascendi\u00f3 que podr\u00eda haber mayores restricciones para los viajes a los pa\u00edses m\u00e1s afectados, como Brasil, fuentes oficiales indicaron a <a href=\"http:\/\/TN.com.ar\">TN.com.ar<\/a> que todo continuar\u00e1 sin cambios.<\/p>\n<p>Fue despu\u00e9s de la reuni\u00f3n del comit\u00e9 de vacunaci\u00f3n, encabezada por el presidente Alberto Fern\u00e1ndez. Durante el encuentro, se analiz\u00f3 la evoluci\u00f3n semanal del plan de inmunizaci\u00f3n, se difundi\u00f3 un seguimiento del desarrollo del operativo en cada una de las jurisdicciones, y se evalu\u00f3 la situaci\u00f3n epidemiol\u00f3gica a nivel mundial, regional y nacional.<\/p>\n<p>En este sentido, la ministra de Salud, Carla Vizzotti, remarc\u00f3 que \u201cArgentina trabaj\u00f3 en fortalecer los cuidados con el objetivo de retrasar el aumento de casos a medida que avanza la vacunaci\u00f3n. Queremos cuidar las actividades sociales y productivas\u201d.<\/p>\n<p>Y puntualiz\u00f3 que \u201chemos tenido experiencias positivas en lo que es retomando las actividades sin impacto en el aumento de los casos, como es con Turismo, Migraciones y actividades comerciales\u201d.<\/p>\n<p>Tambi\u00e9n agreg\u00f3 que \u201cestamos tratando de fortalecer las medidas de cuidado, para poder sostener la vacunaci\u00f3n a quienes tienen m\u00e1s riesgo\u201d<\/p>\n<p>Diariotag.-.<\/p><\/div>\n","protected":false},"excerpt":{"rendered":"<p>El Gobierno prorrog\u00f3 este viernes el Distanciamiento Social Preventivo y Obligatorio (DISPO) hasta el 9 de abril. Aunque trascendi\u00f3 que podr\u00eda haber mayores restricciones para los viajes a los pa\u00edses m\u00e1s afectados, como Brasil, fuentes oficiales indicaron a TN.com.ar que todo continuar\u00e1 sin cambios. Fue despu\u00e9s de la reuni\u00f3n del comit\u00e9 de vacunaci\u00f3n, encabezada por [&hellip;]<\/p>\n","protected":false},"author":1,"featured_media":9480,"comment_status":"closed","ping_status":"closed","sticky":false,"template":"","format":"standard","meta":{"footnotes":""},"categories":[8],"tags":[],"class_list":{"0":"post-9479","1":"post","2":"type-post","3":"status-publish","4":"format-standard","5":"has-post-thumbnail","7":"category-nacionales"},"_links":{"self":[{"href":"https:\/\/chacosintesis.com.ar\/index.php\/wp-json\/wp\/v2\/posts\/9479","targetHints":{"allow":["GET"]}}],"collection":[{"href":"https:\/\/chacosintesis.com.ar\/index.php\/wp-json\/wp\/v2\/posts"}],"about":[{"href":"https:\/\/chacosintesis.com.ar\/index.php\/wp-json\/wp\/v2\/types\/post"}],"author":[{"embeddable":true,"href":"https:\/\/chacosintesis.com.ar\/index.php\/wp-json\/wp\/v2\/users\/1"}],"replies":[{"embeddable":true,"href":"https:\/\/chacosintesis.com.ar\/index.php\/wp-json\/wp\/v2\/comments?post=9479"}],"version-history":[{"count":0,"href":"https:\/\/chacosintesis.com.ar\/index.php\/wp-json\/wp\/v2\/posts\/9479\/revisions"}],"wp:featuredmedia":[{"embeddable":true,"href":"https:\/\/chacosintesis.com.ar\/index.php\/wp-json\/wp\/v2\/media\/9480"}],"wp:attachment":[{"href":"https:\/\/chacosintesis.com.ar\/index.php\/wp-json\/wp\/v2\/media?parent=9479"}],"wp:term":[{"taxonomy":"category","embeddable":true,"href":"https:\/\/chacosintesis.com.ar\/index.php\/wp-json\/wp\/v2\/categories?post=9479"},{"taxonomy":"post_tag","embeddable":true,"href":"https:\/\/chacosintesis.com.ar\/index.php\/wp-json\/wp\/v2\/tags?post=9479"}],"curies":[{"name":"wp","href":"https:\/\/api.w.org\/{rel}","templated":true}]}}