{"id":9461,"date":"2021-03-12T09:10:27","date_gmt":"2021-03-12T12:10:27","guid":{"rendered":"https:\/\/chacosintesis.com.ar\/?p=9461"},"modified":"2021-03-12T09:36:54","modified_gmt":"2021-03-12T12:36:54","slug":"incendios-en-chubut-apuntan-a-una-agrupacion-mapuche","status":"publish","type":"post","link":"https:\/\/chacosintesis.com.ar\/index.php\/incendios-en-chubut-apuntan-a-una-agrupacion-mapuche\/","title":{"rendered":"Incendios en Chubut: apuntan a una agrupaci\u00f3n mapuche"},"content":{"rendered":"<div dir=\"ltr\">Se trata de la Resistencia Ancestral Mapuche (RAM), cuyo l\u00edder es Facundo Jones Huala, quien est\u00e1 detenido en Chile<\/p>\n<p>Uno de los que no dud\u00f3 en arriesgar su versi\u00f3n es el ex intendente de El Hoyo, Mario Breide, ya que el grupo \u201csiempre amenaz\u00f3 con prender fuego todo&quot;.<\/p>\n<p>La RAM estuvo vinculada a distintos episodios vand\u00e1licos en Argentina y Chile. <\/p>\n<p>Jones Huala fue condenado en el pa\u00eds vecino a 9 a\u00f1os de prisi\u00f3n por el incendio de una propiedad en la estancia Pisu Pisu\u00e9 ocurrido el 9 de enero de 2013.<\/p>\n<p>Seg\u00fan publica Infobae, Breide apunt\u00f3 de forma directa a la intencionalidad de las llamas y vincul\u00f3 a la RAM. &quot;Todos los focos fueron en simult\u00e1neo&quot;, sostuvo.<\/p>\n<p>Por su parte, el intendente de Lago Puelo, Augusto S\u00e1nchez, admiti\u00f3 que la principal hip\u00f3tesis del siniestro es la intencionalidad, ya que \u201cno hubo factores naturales como para plantear otras hip\u00f3tesis\u201d. <\/p>\n<p>Dijo que \u201cninguno de los focos fue por motivos naturales, hubo una clara intencionalidad\u201d.<\/p>\n<p>En tanto, vecinos de la zona afectada declararon haber visto un veh\u00edculo VW Gol color blanco en cercan\u00edas del punto inicial del incendio y ese mismo veh\u00edculo qued\u00f3 registrado en noviembre pasado en un intento de toma de una comunidad mapuche en el paraje El Foyel, entre Bariloche y El Bols\u00f3n.<\/p>\n<p>Los investigadores recibieron distintas pruebas que demostrar\u00edan la presencia del mismo veh\u00edculo en el paraje Golondrinas, con varias personas a bordo. <\/p>\n<p>Las im\u00e1genes del veh\u00edculo circularon r\u00e1pidamente a trav\u00e9s de las redes sociales y ya son parte del expediente que investiga el fiscal de Esquel, Carlos D\u00edaz Mayer.<\/p>\n<p>El ex gobernador de R\u00edo Negro y actual senador nacional, Alberto Weretilneck, respald\u00f3 la hip\u00f3tesis de los investigadores acerca del origen intencional del incendio e incluso asegur\u00f3 que \u201cest\u00e1 pr\u00e1cticamente confirmado que fue intencional, es una hip\u00f3tesis muy fuerte\u201d.<\/p>\n<p>Weretilneck incluso mencion\u00f3: \u201cSe sospecha de un VW Gol de color blanco. Ser\u00edan las mismas personas que protagonizaron otros hechos conflictivos, como la toma del Foyel\u201d<\/p>\n<p>CADENA 3.-<\/p><\/div>\n","protected":false},"excerpt":{"rendered":"<p>Se trata de la Resistencia Ancestral Mapuche (RAM), cuyo l\u00edder es Facundo Jones Huala, quien est\u00e1 detenido en Chile Uno de los que no dud\u00f3 en arriesgar su versi\u00f3n es el ex intendente de El Hoyo, Mario Breide, ya que el grupo \u201csiempre amenaz\u00f3 con prender fuego todo&quot;. La RAM estuvo vinculada a distintos episodios [&hellip;]<\/p>\n","protected":false},"author":1,"featured_media":9462,"comment_status":"closed","ping_status":"closed","sticky":false,"template":"","format":"standard","meta":{"footnotes":""},"categories":[8],"tags":[],"class_list":{"0":"post-9461","1":"post","2":"type-post","3":"status-publish","4":"format-standard","5":"has-post-thumbnail","7":"category-nacionales"},"_links":{"self":[{"href":"https:\/\/chacosintesis.com.ar\/index.php\/wp-json\/wp\/v2\/posts\/9461","targetHints":{"allow":["GET"]}}],"collection":[{"href":"https:\/\/chacosintesis.com.ar\/index.php\/wp-json\/wp\/v2\/posts"}],"about":[{"href":"https:\/\/chacosintesis.com.ar\/index.php\/wp-json\/wp\/v2\/types\/post"}],"author":[{"embeddable":true,"href":"https:\/\/chacosintesis.com.ar\/index.php\/wp-json\/wp\/v2\/users\/1"}],"replies":[{"embeddable":true,"href":"https:\/\/chacosintesis.com.ar\/index.php\/wp-json\/wp\/v2\/comments?post=9461"}],"version-history":[{"count":0,"href":"https:\/\/chacosintesis.com.ar\/index.php\/wp-json\/wp\/v2\/posts\/9461\/revisions"}],"wp:featuredmedia":[{"embeddable":true,"href":"https:\/\/chacosintesis.com.ar\/index.php\/wp-json\/wp\/v2\/media\/9462"}],"wp:attachment":[{"href":"https:\/\/chacosintesis.com.ar\/index.php\/wp-json\/wp\/v2\/media?parent=9461"}],"wp:term":[{"taxonomy":"category","embeddable":true,"href":"https:\/\/chacosintesis.com.ar\/index.php\/wp-json\/wp\/v2\/categories?post=9461"},{"taxonomy":"post_tag","embeddable":true,"href":"https:\/\/chacosintesis.com.ar\/index.php\/wp-json\/wp\/v2\/tags?post=9461"}],"curies":[{"name":"wp","href":"https:\/\/api.w.org\/{rel}","templated":true}]}}