{"id":9455,"date":"2021-03-11T20:59:41","date_gmt":"2021-03-11T23:59:41","guid":{"rendered":"https:\/\/chacosintesis.com.ar\/?p=9455"},"modified":"2021-03-11T21:08:02","modified_gmt":"2021-03-12T00:08:02","slug":"el-gobierno-nacional-prorrogara-hasta-fin-de-ano-la-emergencia-sanitaria","status":"publish","type":"post","link":"https:\/\/chacosintesis.com.ar\/index.php\/el-gobierno-nacional-prorrogara-hasta-fin-de-ano-la-emergencia-sanitaria\/","title":{"rendered":"El Gobierno nacional prorrogar\u00e1 hasta fin de a\u00f1o la Emergencia Sanitaria"},"content":{"rendered":"<div dir=\"ltr\">El Gobierno nacional prorrogar\u00e1 hasta el pr\u00f3ximo 31 de diciembre la emergencia sanitaria establecida por la pandemia de coronavirus. As\u00ed lo anticiparon fuentes oficiales, que precisaron que el decreto con la pr\u00f3rroga se publicar\u00e1 en las pr\u00f3ximas horas en el Bolet\u00edn Oficial. Fue declarada el 12 de marzo de 2020, d\u00edas antes de decretar el aislamiento social, preventivo y obligatorio.<\/p>\n<p>La Emergencia Sanitaria fue declarada por el Ejecutivo el pasado 12 de marzo mediante el decreto N\u00b0 260, en el que ampli\u00f3 \u201cpor el plazo de UN (1) a\u00f1o, la emergencia p\u00fablica en materia sanitaria establecida por Ley N\u00b0 27.541, en virtud de la pandemia declarada por la Organizaci\u00f3n Mundial de la Salud (OMS) en relaci\u00f3n con el coronavirus Covid-19\u201d.<\/p>\n<p>El decreto de marzo de 2020 establece \u201cla emergencia p\u00fablica en materia sanitaria por el plazo de un a\u00f1o\u201d, y faculta al Ministerio de Salud \u201ccomo autoridad de aplicaci\u00f3n\u201d.<\/p>\n<p>El pasado 8 de marzo, el director general de la OMS, Tedros Adhanom Ghebreyesus, declar\u00f3 la \u201cemergencia\u201d sanitaria para toda Latinoam\u00e9rica, luego de hallarse una nueva variante de Covid-19 en Brasil.<\/p>\n<div><\/div>\n<div>Chacodiapordia.-<\/div>\n<\/div>\n","protected":false},"excerpt":{"rendered":"<p>El Gobierno nacional prorrogar\u00e1 hasta el pr\u00f3ximo 31 de diciembre la emergencia sanitaria establecida por la pandemia de coronavirus. As\u00ed lo anticiparon fuentes oficiales, que precisaron que el decreto con la pr\u00f3rroga se publicar\u00e1 en las pr\u00f3ximas horas en el Bolet\u00edn Oficial. Fue declarada el 12 de marzo de 2020, d\u00edas antes de decretar el [&hellip;]<\/p>\n","protected":false},"author":1,"featured_media":9456,"comment_status":"closed","ping_status":"closed","sticky":false,"template":"","format":"standard","meta":{"footnotes":""},"categories":[8],"tags":[],"class_list":{"0":"post-9455","1":"post","2":"type-post","3":"status-publish","4":"format-standard","5":"has-post-thumbnail","7":"category-nacionales"},"_links":{"self":[{"href":"https:\/\/chacosintesis.com.ar\/index.php\/wp-json\/wp\/v2\/posts\/9455","targetHints":{"allow":["GET"]}}],"collection":[{"href":"https:\/\/chacosintesis.com.ar\/index.php\/wp-json\/wp\/v2\/posts"}],"about":[{"href":"https:\/\/chacosintesis.com.ar\/index.php\/wp-json\/wp\/v2\/types\/post"}],"author":[{"embeddable":true,"href":"https:\/\/chacosintesis.com.ar\/index.php\/wp-json\/wp\/v2\/users\/1"}],"replies":[{"embeddable":true,"href":"https:\/\/chacosintesis.com.ar\/index.php\/wp-json\/wp\/v2\/comments?post=9455"}],"version-history":[{"count":0,"href":"https:\/\/chacosintesis.com.ar\/index.php\/wp-json\/wp\/v2\/posts\/9455\/revisions"}],"wp:featuredmedia":[{"embeddable":true,"href":"https:\/\/chacosintesis.com.ar\/index.php\/wp-json\/wp\/v2\/media\/9456"}],"wp:attachment":[{"href":"https:\/\/chacosintesis.com.ar\/index.php\/wp-json\/wp\/v2\/media?parent=9455"}],"wp:term":[{"taxonomy":"category","embeddable":true,"href":"https:\/\/chacosintesis.com.ar\/index.php\/wp-json\/wp\/v2\/categories?post=9455"},{"taxonomy":"post_tag","embeddable":true,"href":"https:\/\/chacosintesis.com.ar\/index.php\/wp-json\/wp\/v2\/tags?post=9455"}],"curies":[{"name":"wp","href":"https:\/\/api.w.org\/{rel}","templated":true}]}}