{"id":9451,"date":"2021-03-11T10:24:48","date_gmt":"2021-03-11T13:24:48","guid":{"rendered":"https:\/\/chacosintesis.com.ar\/?p=9451"},"modified":"2021-03-11T10:37:29","modified_gmt":"2021-03-11T13:37:29","slug":"horror-en-cordoba-tiene-muerte-cerebral-el-bebe-maltratado-por-sus-padres","status":"publish","type":"post","link":"https:\/\/chacosintesis.com.ar\/index.php\/horror-en-cordoba-tiene-muerte-cerebral-el-bebe-maltratado-por-sus-padres\/","title":{"rendered":"Horror en C\u00f3rdoba: Tiene muerte cerebral el beb\u00e9 maltratado por sus padres"},"content":{"rendered":"<div dir=\"ltr\">Interviene el fiscal de Violencia Familiar, Pablo Camacho, quien orden\u00f3 la detenci\u00f3n de los progenitores del peque\u00f1o de 7 meses a quienes imput\u00f3 por &quot;tentativa de homicidio calificado por el v\u00ednculo&quot;.<\/p>\n<p>El menor se encuentra internado en grave estado en la terapia intensiva de la Cl\u00ednica Aconcagua de la ciudad de C\u00f3rdoba bajo asistencia respiratoria mec\u00e1nica.<\/p>\n<p>El padre, de 42 a\u00f1os, y la madre, de 29, ya se encuentran detenidos a disposici\u00f3n de la Justicia. <\/p>\n<p>Seg\u00fan indic\u00f3 a Cadena 3 el secretario del fiscal Camacho, Pablo Daruich, los malos tratos habr\u00edan comenzado en enero \u00faltimo.<\/p>\n<p>&quot;Se orden\u00f3 detener a sus padres teniendo en cuenta que existe un alto riesgo de entorpecimiento de la investigaci\u00f3n&quot;, dijo.<\/p>\n<p>Informe de Francisco Centeno.<\/p>\n<p>CADENA 3.-<\/p><\/div>\n","protected":false},"excerpt":{"rendered":"<p>Interviene el fiscal de Violencia Familiar, Pablo Camacho, quien orden\u00f3 la detenci\u00f3n de los progenitores del peque\u00f1o de 7 meses a quienes imput\u00f3 por &quot;tentativa de homicidio calificado por el v\u00ednculo&quot;. El menor se encuentra internado en grave estado en la terapia intensiva de la Cl\u00ednica Aconcagua de la ciudad de C\u00f3rdoba bajo asistencia respiratoria [&hellip;]<\/p>\n","protected":false},"author":1,"featured_media":9452,"comment_status":"closed","ping_status":"closed","sticky":false,"template":"","format":"standard","meta":{"footnotes":""},"categories":[8],"tags":[],"class_list":{"0":"post-9451","1":"post","2":"type-post","3":"status-publish","4":"format-standard","5":"has-post-thumbnail","7":"category-nacionales"},"_links":{"self":[{"href":"https:\/\/chacosintesis.com.ar\/index.php\/wp-json\/wp\/v2\/posts\/9451","targetHints":{"allow":["GET"]}}],"collection":[{"href":"https:\/\/chacosintesis.com.ar\/index.php\/wp-json\/wp\/v2\/posts"}],"about":[{"href":"https:\/\/chacosintesis.com.ar\/index.php\/wp-json\/wp\/v2\/types\/post"}],"author":[{"embeddable":true,"href":"https:\/\/chacosintesis.com.ar\/index.php\/wp-json\/wp\/v2\/users\/1"}],"replies":[{"embeddable":true,"href":"https:\/\/chacosintesis.com.ar\/index.php\/wp-json\/wp\/v2\/comments?post=9451"}],"version-history":[{"count":0,"href":"https:\/\/chacosintesis.com.ar\/index.php\/wp-json\/wp\/v2\/posts\/9451\/revisions"}],"wp:featuredmedia":[{"embeddable":true,"href":"https:\/\/chacosintesis.com.ar\/index.php\/wp-json\/wp\/v2\/media\/9452"}],"wp:attachment":[{"href":"https:\/\/chacosintesis.com.ar\/index.php\/wp-json\/wp\/v2\/media?parent=9451"}],"wp:term":[{"taxonomy":"category","embeddable":true,"href":"https:\/\/chacosintesis.com.ar\/index.php\/wp-json\/wp\/v2\/categories?post=9451"},{"taxonomy":"post_tag","embeddable":true,"href":"https:\/\/chacosintesis.com.ar\/index.php\/wp-json\/wp\/v2\/tags?post=9451"}],"curies":[{"name":"wp","href":"https:\/\/api.w.org\/{rel}","templated":true}]}}