{"id":9433,"date":"2021-03-10T21:03:09","date_gmt":"2021-03-11T00:03:09","guid":{"rendered":"https:\/\/chacosintesis.com.ar\/?p=9433"},"modified":"2021-03-10T21:37:54","modified_gmt":"2021-03-11T00:37:54","slug":"las-becas-progresar-aumentaran-hasta-un-163-para-750-000-jovenes-de-todo-el-pais","status":"publish","type":"post","link":"https:\/\/chacosintesis.com.ar\/index.php\/las-becas-progresar-aumentaran-hasta-un-163-para-750-000-jovenes-de-todo-el-pais\/","title":{"rendered":"Las Becas Progresar aumentar\u00e1n hasta un 163% para 750.000 j\u00f3venes de todo el pa\u00eds"},"content":{"rendered":"<div dir=\"ltr\">Las Becas Progresar 2021 tendr\u00e1n este a\u00f1o un incremento de hasta un 163 % para aquellos alumnos de nivel primario, secundario, terciario, universitario y de formaci\u00f3n profesional, lo que implica un beneficio para 750.000 j\u00f3venes del orden de los 27.000 millones de pesos. &quot;Para nosotros es algo central el acompa\u00f1amiento de la trayectoria educativa de todos los alumnos y alumnas&quot; dijo hoy el ministro de Educaci\u00f3n, Nicol\u00e1s Trotta durante una conferencia de prensa en la Casa Rosada junto a la titular de la Anses, Fernanda Raverta.<\/p>\n<p>Todas las escalas de las becas Progresar tendr\u00e1n incrementos. El m\u00e1s bajo ser\u00e1 de un 40% y el m\u00e1s alto de un 163%, que corresponden a los alumnos que sigan las carreras de enfermer\u00eda, quienes pasar\u00e1n a cobrar 8000 pesos mensuales a partir de este a\u00f1o. Adem\u00e1s, para todos los estudiantes de las cuatro l\u00edneas del Progresar se sumar\u00e1n dos cuotas de pagos de becas, pasando de 10 a 12 meses.<\/p>\n<p>Las becas est\u00e1n dirigidas a cuatro grupos de alumnos: el Obligatorio a los estudiantes que finalizan la primaria y secundaria, el Superior a estudiantes terciarios y universitarios; Progresar Enfermer\u00eda y Progresar Trabajo, para cursos de formaci\u00f3n profesional. En el Progresar Obligatorio los incrementos ser\u00e1n del 106% respecto al 2020 y quedar\u00e1 fijada una asignaci\u00f3n mensual de 3600 pesos, en el Superior el aumento ser\u00e1 del 92% y estar\u00e1 destinado a los alumnos de 18 a 24 a\u00f1os. En esta \u00faltima l\u00ednea, el incremento se pagar\u00e1 por cinco a\u00f1os, siendo el primero de ellos de 3600 pesos, el segundo el mismo importe, el tercero 3800 pesos, el cuarto 3800 pesos y quinto 4600.<\/p>\n<p>En el caso de las becas destinadas a formaci\u00f3n profesional el incremento ser\u00e1 del 150% con un monto a pagar de 3600 pesos. &quot;que es donde queremos poner el foco con todo lo que es la formaci\u00f3n para el trabajo&quot;, dio el ministro.<\/p>\n<p>&quot;El presidente marc\u00f3 en su discurso en la asamblea legislativa el fuerte proceso de inversi\u00f3n educativa con un crecimiento de las becas Progresar de m\u00e1s del 160% entre el 2020 y 2021. Este programas de becas se institucionaliz\u00f3 en el a\u00f1o 2014 y lleg\u00f3 a tener un mill\u00f3n de beneficiarios&quot;, dijo Trotta.<\/p>\n<p>Indic\u00f3 adem\u00e1s que entre el 2015 y el 2019 &quot;este programa sufri\u00f3 un enorme ajuste que implic\u00f3 la reducci\u00f3n de casi un 50% de los beneficiarios. Nosotros nos planteamos el objetivo este a\u00f1o de volver a hacerlo crecer en un 50% para llegar a los 750.000 j\u00f3venes que accedan al Progresar en las cuatro modalidades previstas&quot;.<\/p>\n<p>Trotta destac\u00f3 que este a\u00f1o &quot;es fundamental el acompa\u00f1amiento del alumno y lo haremos a trav\u00e9s de equipos multidisciplinarios para cada uno de los beneficiarios&quot;. Este a\u00f1o, los j\u00f3venes podr\u00e1n inscribirse a partir de la aplicaci\u00f3n &quot;Progresar +&quot; o de la p\u00e1gina <a href=\"http:\/\/argentina.gob.ar\">argentina.gob.ar<\/a>, sin ning\u00fan tipo de intermediaci\u00f3n, adem\u00e1s de acercarse a la Anses.<\/p>\n<p>La inscripci\u00f3n para las becas ya est\u00e1 abierta, salvo la destinada a formaci\u00f3n profesional que empezar\u00e1 el 15 de marzo. &quot;Queremos facilitar el proceso que permita acceder a las becas ya que es algo central para nosotros el acompa\u00f1amiento a la trayectoria en un sistema educativo tan complejo como este&quot;, dijo Trotta<\/p>\n<p>Por su parte, la titular de Anses, Fernanda Raverta, destac\u00f3 que &quot;es una decisi\u00f3n pol\u00edtica acompa\u00f1ar a todos los chicos y chicas en este trayecto vital. Desde la Asignaci\u00f3n Universal hasta el momento en que los chicos pasan a otro estad\u00edo de su vida que es en donde tienen que elegir si quieren estudiar o trabajar&quot;. &quot;Queremos acompa\u00f1ar a los que decidieron estudiar, a darle las herramientas para hacerlo, porque el Estado debe garantizar el proyecto de vida que sue\u00f1a cada chico y chica, por eso damos este est\u00edmulo&quot;, remarc\u00f3 la funcionaria.<\/p>\n<p>Fuente: T\u00e9lam<\/p><\/div>\n","protected":false},"excerpt":{"rendered":"<p>Las Becas Progresar 2021 tendr\u00e1n este a\u00f1o un incremento de hasta un 163 % para aquellos alumnos de nivel primario, secundario, terciario, universitario y de formaci\u00f3n profesional, lo que implica un beneficio para 750.000 j\u00f3venes del orden de los 27.000 millones de pesos. &quot;Para nosotros es algo central el acompa\u00f1amiento de la trayectoria educativa de [&hellip;]<\/p>\n","protected":false},"author":1,"featured_media":9434,"comment_status":"closed","ping_status":"closed","sticky":false,"template":"","format":"standard","meta":{"footnotes":""},"categories":[8],"tags":[],"class_list":{"0":"post-9433","1":"post","2":"type-post","3":"status-publish","4":"format-standard","5":"has-post-thumbnail","7":"category-nacionales"},"_links":{"self":[{"href":"https:\/\/chacosintesis.com.ar\/index.php\/wp-json\/wp\/v2\/posts\/9433","targetHints":{"allow":["GET"]}}],"collection":[{"href":"https:\/\/chacosintesis.com.ar\/index.php\/wp-json\/wp\/v2\/posts"}],"about":[{"href":"https:\/\/chacosintesis.com.ar\/index.php\/wp-json\/wp\/v2\/types\/post"}],"author":[{"embeddable":true,"href":"https:\/\/chacosintesis.com.ar\/index.php\/wp-json\/wp\/v2\/users\/1"}],"replies":[{"embeddable":true,"href":"https:\/\/chacosintesis.com.ar\/index.php\/wp-json\/wp\/v2\/comments?post=9433"}],"version-history":[{"count":0,"href":"https:\/\/chacosintesis.com.ar\/index.php\/wp-json\/wp\/v2\/posts\/9433\/revisions"}],"wp:featuredmedia":[{"embeddable":true,"href":"https:\/\/chacosintesis.com.ar\/index.php\/wp-json\/wp\/v2\/media\/9434"}],"wp:attachment":[{"href":"https:\/\/chacosintesis.com.ar\/index.php\/wp-json\/wp\/v2\/media?parent=9433"}],"wp:term":[{"taxonomy":"category","embeddable":true,"href":"https:\/\/chacosintesis.com.ar\/index.php\/wp-json\/wp\/v2\/categories?post=9433"},{"taxonomy":"post_tag","embeddable":true,"href":"https:\/\/chacosintesis.com.ar\/index.php\/wp-json\/wp\/v2\/tags?post=9433"}],"curies":[{"name":"wp","href":"https:\/\/api.w.org\/{rel}","templated":true}]}}