{"id":9391,"date":"2021-03-08T10:22:20","date_gmt":"2021-03-08T13:22:20","guid":{"rendered":"https:\/\/chacosintesis.com.ar\/?p=9391"},"modified":"2021-03-08T10:36:41","modified_gmt":"2021-03-08T13:36:41","slug":"fuerte-sismo-en-san-juan-sacudio-tambien-a-mendoza","status":"publish","type":"post","link":"https:\/\/chacosintesis.com.ar\/index.php\/fuerte-sismo-en-san-juan-sacudio-tambien-a-mendoza\/","title":{"rendered":"Fuerte sismo en San Juan sacudi\u00f3 tambi\u00e9n a Mendoza"},"content":{"rendered":"<div dir=\"ltr\">Seg\u00fan el Instituto Nacional de Prevenci\u00f3n S\u00edsmica (Inpres), el movimiento tel\u00farico se registr\u00f3 a las 9.48 y se ubic\u00f3 a 67 kil\u00f3metros al noroeste de Uspallata.<\/p>\n<p>El temblor tuvo una magnitud de 5.2 grados, con una profundidad de 125 kil\u00f3metros.<\/p>\n<p>A las 8.46 se registr\u00f3 otro, aunque de menor intensidad, y su epicentro se ubic\u00f3 a 34 kil\u00f3metros al noroeste de Uspallata.<\/p>\n<p>La magnitud fue de 2.7 grados y la profundidad fue de 101 kil\u00f3metros.<\/p>\n<p>CADENA 3.-<\/p><\/div>\n","protected":false},"excerpt":{"rendered":"<p>Seg\u00fan el Instituto Nacional de Prevenci\u00f3n S\u00edsmica (Inpres), el movimiento tel\u00farico se registr\u00f3 a las 9.48 y se ubic\u00f3 a 67 kil\u00f3metros al noroeste de Uspallata. El temblor tuvo una magnitud de 5.2 grados, con una profundidad de 125 kil\u00f3metros. A las 8.46 se registr\u00f3 otro, aunque de menor intensidad, y su epicentro se ubic\u00f3 [&hellip;]<\/p>\n","protected":false},"author":1,"featured_media":9392,"comment_status":"closed","ping_status":"closed","sticky":false,"template":"","format":"standard","meta":{"footnotes":""},"categories":[8],"tags":[],"class_list":{"0":"post-9391","1":"post","2":"type-post","3":"status-publish","4":"format-standard","5":"has-post-thumbnail","7":"category-nacionales"},"_links":{"self":[{"href":"https:\/\/chacosintesis.com.ar\/index.php\/wp-json\/wp\/v2\/posts\/9391","targetHints":{"allow":["GET"]}}],"collection":[{"href":"https:\/\/chacosintesis.com.ar\/index.php\/wp-json\/wp\/v2\/posts"}],"about":[{"href":"https:\/\/chacosintesis.com.ar\/index.php\/wp-json\/wp\/v2\/types\/post"}],"author":[{"embeddable":true,"href":"https:\/\/chacosintesis.com.ar\/index.php\/wp-json\/wp\/v2\/users\/1"}],"replies":[{"embeddable":true,"href":"https:\/\/chacosintesis.com.ar\/index.php\/wp-json\/wp\/v2\/comments?post=9391"}],"version-history":[{"count":0,"href":"https:\/\/chacosintesis.com.ar\/index.php\/wp-json\/wp\/v2\/posts\/9391\/revisions"}],"wp:featuredmedia":[{"embeddable":true,"href":"https:\/\/chacosintesis.com.ar\/index.php\/wp-json\/wp\/v2\/media\/9392"}],"wp:attachment":[{"href":"https:\/\/chacosintesis.com.ar\/index.php\/wp-json\/wp\/v2\/media?parent=9391"}],"wp:term":[{"taxonomy":"category","embeddable":true,"href":"https:\/\/chacosintesis.com.ar\/index.php\/wp-json\/wp\/v2\/categories?post=9391"},{"taxonomy":"post_tag","embeddable":true,"href":"https:\/\/chacosintesis.com.ar\/index.php\/wp-json\/wp\/v2\/tags?post=9391"}],"curies":[{"name":"wp","href":"https:\/\/api.w.org\/{rel}","templated":true}]}}