{"id":9387,"date":"2021-03-08T10:11:35","date_gmt":"2021-03-08T13:11:35","guid":{"rendered":"https:\/\/chacosintesis.com.ar\/?p=9387"},"modified":"2021-03-08T10:36:40","modified_gmt":"2021-03-08T13:36:40","slug":"vecinos-atraparon-y-ataron-con-cables-a-un-menor-arrebatador","status":"publish","type":"post","link":"https:\/\/chacosintesis.com.ar\/index.php\/vecinos-atraparon-y-ataron-con-cables-a-un-menor-arrebatador\/","title":{"rendered":"Vecinos atraparon y ataron con cables a un menor arrebatador"},"content":{"rendered":"<div dir=\"ltr\">El ladr\u00f3n de 15 a\u00f1os le sustrajo el tel\u00e9fono a una chica. Hombres y mujeres del complejo habitacional \u201cMil Viviendas\u201d alcanzaron al delincuente y despu\u00e9s lo entregaron a la Polic\u00eda.<\/p>\n<p>Ve\u00adci\u00adnos de una ba\u00adrria\u00adda de la zo\u00adna Sur de la ciu\u00addad de Co\u00adrrien\u00adtes de\u00admo\u00adra\u00adron a un jo\u00adven arre\u00adba\u00adta\u00addor, lo ata\u00adron con ca\u00adbles y des\u00adpu\u00e9s lo en\u00adtre\u00adga\u00adron a la Po\u00adli\u00adc\u00ed\u00ada.<\/p>\n<p>El de\u00adlin\u00adcuen\u00adte, de tan s\u00f3\u00adlo 15 a\u00f1os, ha\u00adb\u00eda agre\u00addi\u00addo a una chi\u00adca, quien con sus gri\u00adtos de au\u00adxi\u00adlio aler\u00adt\u00f3 a va\u00adrios hom\u00adbres y mu\u00adje\u00adres que per\u00adsi\u00adguie\u00adron al me\u00adnor has\u00adta dar\u00adle al\u00adcan\u00adce en una pe\u00ada\u00adto\u00adnal.<\/p>\n<p>De acuer\u00addo a fuen\u00adtes de la fuer\u00adza de se\u00adgu\u00adri\u00addad pro\u00advin\u00adcial, el ado\u00adles\u00adcen\u00adte su\u00adfri\u00f3 al\u00adgu\u00adnas \u201cle\u00adsio\u00adnes le\u00adves\u201d pro\u00adduc\u00adto de gol\u00adpes de per\u00adso\u00adnas en\u00adfu\u00adre\u00adci\u00addas.<\/p>\n<p>El ca\u00adso, en el que in\u00adter\u00advi\u00adnie\u00adron au\u00adto\u00adri\u00adda\u00addes de la co\u00admi\u00adsa\u00adr\u00eda sec\u00adcio\u00adnal S\u00e9p\u00adti\u00adma, se pro\u00addu\u00adjo po\u00adco des\u00adpu\u00e9s del me\u00addio\u00add\u00ed\u00ada, en ave\u00adni\u00adda La Paz, en\u00adtre Cos\u00adqu\u00edn y Ra\u00adfa\u00ade\u00adla, del ba\u00adrrio Is\u00adlas Malvinas.<\/p>\n<p>Al\u00adre\u00adde\u00addor de las 12:45, una jo\u00adven\u00adci\u00adta tran\u00adsi\u00adta\u00adba a pie, cuan\u00addo la agre\u00addi\u00f3 un la\u00addr\u00f3n. La mu\u00adjer fue des\u00adpo\u00adja\u00adda de un apa\u00adra\u00adto de co\u00admu\u00adni\u00adca\u00adci\u00f3n.<\/p>\n<p>Pe\u00adro la fu\u00adga del arre\u00adba\u00adta\u00addor fi\u00adna\u00adli\u00adz\u00f3 en for\u00adma abrup\u00adta. A no mu\u00adcha dis\u00adtan\u00adcia, co\u00admen\u00adza\u00adron a sa\u00adlir a su pa\u00adso ve\u00adci\u00adnos del com\u00adple\u00adjo ha\u00adbi\u00adta\u00adcio\u00adnal \u201cMil Vi\u00advien\u00addas\u201d, quie\u00adnes lo arro\u00adja\u00adron al suelo.<\/p>\n<p>Al\u00adgu\u00adnos de los de\u00adno\u00admi\u00adna\u00addos \u201cjus\u00adti\u00adcie\u00adros\u201d co\u00admen\u00adza\u00adron a lan\u00adzar gol\u00adpes de pu\u00ad\u00f1o al de\u00adlin\u00adcuen\u00adte, has\u00adta que lle\u00adg\u00f3 un efec\u00adti\u00advo po\u00adli\u00adcial. A esa al\u00adtu\u00adra, ha\u00adb\u00ed\u00adan in\u00admo\u00advi\u00adli\u00adza\u00addo al joven su\u00adje\u00adt\u00e1n\u00addo\u00adlo con ca\u00adbles.<\/p>\n<p>El te\u00adl\u00e9\u00adfo\u00adno ce\u00adlu\u00adlar fue re\u00adcu\u00adpe\u00adra\u00addo en esa ac\u00adci\u00f3n y de\u00advuel\u00adto a su pro\u00adpie\u00adta\u00adria.<\/p>\n<p>\u00a0<\/p>\n<p>DIARIO EPOCA <\/p><\/div>\n","protected":false},"excerpt":{"rendered":"<p>El ladr\u00f3n de 15 a\u00f1os le sustrajo el tel\u00e9fono a una chica. Hombres y mujeres del complejo habitacional \u201cMil Viviendas\u201d alcanzaron al delincuente y despu\u00e9s lo entregaron a la Polic\u00eda. Ve\u00adci\u00adnos de una ba\u00adrria\u00adda de la zo\u00adna Sur de la ciu\u00addad de Co\u00adrrien\u00adtes de\u00admo\u00adra\u00adron a un jo\u00adven arre\u00adba\u00adta\u00addor, lo ata\u00adron con ca\u00adbles y des\u00adpu\u00e9s lo [&hellip;]<\/p>\n","protected":false},"author":1,"featured_media":9388,"comment_status":"closed","ping_status":"closed","sticky":false,"template":"","format":"standard","meta":{"footnotes":""},"categories":[8],"tags":[],"class_list":{"0":"post-9387","1":"post","2":"type-post","3":"status-publish","4":"format-standard","5":"has-post-thumbnail","7":"category-nacionales"},"_links":{"self":[{"href":"https:\/\/chacosintesis.com.ar\/index.php\/wp-json\/wp\/v2\/posts\/9387","targetHints":{"allow":["GET"]}}],"collection":[{"href":"https:\/\/chacosintesis.com.ar\/index.php\/wp-json\/wp\/v2\/posts"}],"about":[{"href":"https:\/\/chacosintesis.com.ar\/index.php\/wp-json\/wp\/v2\/types\/post"}],"author":[{"embeddable":true,"href":"https:\/\/chacosintesis.com.ar\/index.php\/wp-json\/wp\/v2\/users\/1"}],"replies":[{"embeddable":true,"href":"https:\/\/chacosintesis.com.ar\/index.php\/wp-json\/wp\/v2\/comments?post=9387"}],"version-history":[{"count":0,"href":"https:\/\/chacosintesis.com.ar\/index.php\/wp-json\/wp\/v2\/posts\/9387\/revisions"}],"wp:featuredmedia":[{"embeddable":true,"href":"https:\/\/chacosintesis.com.ar\/index.php\/wp-json\/wp\/v2\/media\/9388"}],"wp:attachment":[{"href":"https:\/\/chacosintesis.com.ar\/index.php\/wp-json\/wp\/v2\/media?parent=9387"}],"wp:term":[{"taxonomy":"category","embeddable":true,"href":"https:\/\/chacosintesis.com.ar\/index.php\/wp-json\/wp\/v2\/categories?post=9387"},{"taxonomy":"post_tag","embeddable":true,"href":"https:\/\/chacosintesis.com.ar\/index.php\/wp-json\/wp\/v2\/tags?post=9387"}],"curies":[{"name":"wp","href":"https:\/\/api.w.org\/{rel}","templated":true}]}}