{"id":9323,"date":"2021-03-03T11:50:40","date_gmt":"2021-03-03T14:50:40","guid":{"rendered":"https:\/\/chacosintesis.com.ar\/?p=9323"},"modified":"2021-03-03T12:06:46","modified_gmt":"2021-03-03T15:06:46","slug":"corrientes-un-motociclista-murio-tras-chocar-con-el-auto-que-conducia-su-padre","status":"publish","type":"post","link":"https:\/\/chacosintesis.com.ar\/index.php\/corrientes-un-motociclista-murio-tras-chocar-con-el-auto-que-conducia-su-padre\/","title":{"rendered":"Corrientes: Un motociclista muri\u00f3 tras chocar con el auto que conduc\u00eda su padre"},"content":{"rendered":"<div dir=\"ltr\">Un motociclista muri\u00f3 hoy tras colisionar con el autom\u00f3vil conducido por su padre en la ciudad correntina de Monte Caseros, informaron fuentes policiales.<\/p>\n<p>Juan Jos\u00e9 Kuhnle, de 39 a\u00f1os muri\u00f3 este martes a las 14 en el hospital Samuel Robinson de Monte Caseros, en la provincia de Corrientes, luego de impactar con la motocicleta al autom\u00f3vil en el que viajaba su padre, Hugo Gustavo Kuhnle, de 69 a\u00f1os.<\/p>\n<p>El hecho se produjo a las 11,30 en la esquina de calles Vicente Mendieta y Salta, a dos cuadras de distancia del domicilio familiar en la ciudad, distante 400 kil\u00f3metros de la capital correntina.<\/p>\n<p>Seg\u00fan informaron fuentes policiales a la agencia Telam, se trata de un autom\u00f3vil Toyota Corolla color gris, que impact\u00f3 con la moto Gillera de 110 CC que era conducida por Juan Kuhnle, quien de inmediato fue asistido por su padre, que lo traslad\u00f3 en su veh\u00edculo al centro de salud, donde finalmente se produjo la muerte.<\/p>\n<p>&quot;En el lugar se realizaron las diligencias del caso y la comisar\u00eda de Monte Caseros abri\u00f3 de oficio una actuaci\u00f3n sumarial&quot;, explicaron las mismas fuentes.<\/p>\n<p>Foto: Gentileza Corrientes Hoy<\/p><\/div>\n","protected":false},"excerpt":{"rendered":"<p>Un motociclista muri\u00f3 hoy tras colisionar con el autom\u00f3vil conducido por su padre en la ciudad correntina de Monte Caseros, informaron fuentes policiales. Juan Jos\u00e9 Kuhnle, de 39 a\u00f1os muri\u00f3 este martes a las 14 en el hospital Samuel Robinson de Monte Caseros, en la provincia de Corrientes, luego de impactar con la motocicleta al [&hellip;]<\/p>\n","protected":false},"author":1,"featured_media":9324,"comment_status":"closed","ping_status":"closed","sticky":false,"template":"","format":"standard","meta":{"footnotes":""},"categories":[8],"tags":[],"class_list":{"0":"post-9323","1":"post","2":"type-post","3":"status-publish","4":"format-standard","5":"has-post-thumbnail","7":"category-nacionales"},"_links":{"self":[{"href":"https:\/\/chacosintesis.com.ar\/index.php\/wp-json\/wp\/v2\/posts\/9323","targetHints":{"allow":["GET"]}}],"collection":[{"href":"https:\/\/chacosintesis.com.ar\/index.php\/wp-json\/wp\/v2\/posts"}],"about":[{"href":"https:\/\/chacosintesis.com.ar\/index.php\/wp-json\/wp\/v2\/types\/post"}],"author":[{"embeddable":true,"href":"https:\/\/chacosintesis.com.ar\/index.php\/wp-json\/wp\/v2\/users\/1"}],"replies":[{"embeddable":true,"href":"https:\/\/chacosintesis.com.ar\/index.php\/wp-json\/wp\/v2\/comments?post=9323"}],"version-history":[{"count":0,"href":"https:\/\/chacosintesis.com.ar\/index.php\/wp-json\/wp\/v2\/posts\/9323\/revisions"}],"wp:featuredmedia":[{"embeddable":true,"href":"https:\/\/chacosintesis.com.ar\/index.php\/wp-json\/wp\/v2\/media\/9324"}],"wp:attachment":[{"href":"https:\/\/chacosintesis.com.ar\/index.php\/wp-json\/wp\/v2\/media?parent=9323"}],"wp:term":[{"taxonomy":"category","embeddable":true,"href":"https:\/\/chacosintesis.com.ar\/index.php\/wp-json\/wp\/v2\/categories?post=9323"},{"taxonomy":"post_tag","embeddable":true,"href":"https:\/\/chacosintesis.com.ar\/index.php\/wp-json\/wp\/v2\/tags?post=9323"}],"curies":[{"name":"wp","href":"https:\/\/api.w.org\/{rel}","templated":true}]}}