{"id":9149,"date":"2021-02-11T19:37:48","date_gmt":"2021-02-11T22:37:48","guid":{"rendered":"https:\/\/chacosintesis.com.ar\/?p=9149"},"modified":"2021-02-11T20:07:06","modified_gmt":"2021-02-11T23:07:06","slug":"la-corte-suprema-dejo-firme-una-condena-a-milagro-sala","status":"publish","type":"post","link":"https:\/\/chacosintesis.com.ar\/index.php\/la-corte-suprema-dejo-firme-una-condena-a-milagro-sala\/","title":{"rendered":"La Corte Suprema dej\u00f3 firme una condena a Milagro Sala"},"content":{"rendered":"<div dir=\"ltr\">Por unanimidad, el m\u00e1ximo tribunal ratific\u00f3 la pena a dos a\u00f1os de prisi\u00f3n contra la militante kirchnerista por amenazar a un grupo de polic\u00edas.<\/p>\n<p>La Corte Suprema de Justicia de la Naci\u00f3n confirm\u00f3 hoy una de las condenas contra Milagro Sala luego de rechazar un recurso de queja presentado por la defensa de la militante kirchernista. Por unanimidad, el tribunal ratific\u00f3 la sentencia a dos a\u00f1os de prisi\u00f3n por amenazar a polic\u00edas de una comisar\u00eda de la ciudad de San Salvador de Jujuy. Esta sentencia hab\u00eda sido confirmada por la Corte Suprema de Jujuy.<\/p>\n<p>La defensa de Sala apel\u00f3 al m\u00e1ximo tribunal del pa\u00eds que hoy rechaz\u00f3 el planteo. \u201cContrariamente a lo afirmado por la defensa, la sentencia apelada examin\u00f3 las cuestiones sometidas a su conocimiento\u201d, sostuvieron los jueces Carlos Rosenkrantz (presidente), Ricardo Lorenzetti, Horacio Rosatti, Elena Highton y Juan Carlos Maqueda. \u201cResulta un claro d\u00e9ficit de fundamentaci\u00f3n del recurso que el agravio se haya presentado a partir de premisas abstractas y gen\u00e9ricas\u201d, agregaron.<\/p>\n<p>Es la primera condena que queda firme contra Sala, quien estuvo detenida en una c\u00e1rcel en Jujuy y luego bajo prisi\u00f3n domiciliaria. El expediente estaba cerca de prescribir. La fecha l\u00edmite era el pr\u00f3ximo lunes.<\/p>\n<p>A diferencia de lo que ocurri\u00f3 con el ex vicepresidente Amado Boudou en el caso Ciccone, el m\u00e1ximo tribunal fundament\u00f3 su decisi\u00f3n contra Sala en un fallo de 12 p\u00e1ginas. En el expediente de Boudou, la Corte aplic\u00f3 el art\u00edculo 280 del C\u00f3digo Procesal Civil y Comercial que rechaza directamente y sin explicaciones una queja cuando no est\u00e1 fundamentada esa presentaci\u00f3n. Se trata de un recurso que la Corte utiliza a menudo y desde hace a\u00f1os pero que gener\u00f3 cr\u00edticas en el caso de Boudou.<\/p>\n<p>Sala tiene otras condenas que todav\u00eda no est\u00e1n firmes y se encuentran apeladas. Una es a 13 a\u00f1os de prisi\u00f3n por el delito de asociaci\u00f3n il\u00edcita por el desv\u00edo de 60 millones de pesos destinados a cooperativas para la construcci\u00f3n de viviendas sociales. Otra es a cuatro a\u00f1os de prisi\u00f3n por lesiones graves contra otro dirigente social de la provincia en 2006. Por esas causas, y otras que se investigan, la Corte Suprema tiene una decena de planteos por resolver.<\/p>\n<p>La causa contra Sala es por un hecho que ocurri\u00f3 el 13 de octubre de 2014. Ese d\u00eda Mar\u00eda Bel\u00e9n Vargas denunci\u00f3 que otra mujer vend\u00eda en una feria de San Salvador de Jujuy ropa interior que le hab\u00eda robado a su mam\u00e1. Pero por la disputa fue ella que la qued\u00f3 detenida. La madre de Vargas le pidi\u00f3 ayuda a Sala para que interviniera por su hija.<\/p>\n<p>La l\u00edder de la Tupac Amaru llam\u00f3 a la comisar\u00eda y, seg\u00fan la acusaci\u00f3n que lleg\u00f3 a juicio oral, amenaz\u00f3 a dos polic\u00edas de la Comisaria Seccional N\u00ba 56, dependiente de la Unidad Regional N\u00ba 7. Llam\u00f3 por tel\u00e9fono a la seccional. \u201cSon una manga de maricones y que van a tener noticias porque voy a poner una bomba y voy a hacer volar a todos\u201d, dijo Sala, seg\u00fan la denuncia penal presentada por la comisario \u00c1ngela Silvina Cabero.<\/p>\n<p>En una segunda llamada a Cabrero, ya a su tel\u00e9fono celular, le dijo: \u201cSon una manga de incompetentes, cuando le ponga yo una bomba me van a conocer a m\u00ed, los voy a hacer volar a la mierda, ya me van a conocer\u201d.<\/p>\n<p>La dirigente social fue enviada a juicio oral y en diciembre de 2017 fue absuelta por mayor\u00eda por el Tribunal en lo Criminal 2 por el beneficio de la duda. Pero luego la C\u00e1mara de Casaci\u00f3n revoc\u00f3 esa decisi\u00f3n y la conden\u00f3 a tres a\u00f1os y dos meses de prisi\u00f3n por el delito de amenazas. La causa sigui\u00f3 y en julio de 2019 el Tribunal Superior de Justicia de Jujuy confirm\u00f3 la condena pero redujo la pena a dos a\u00f1os.<\/p>\n<p>Con ese fallo, la defensa de Sala apel\u00f3 a la Corte Suprema y objet\u00f3 distintos aspectos del fallo del m\u00e1ximo tribunal de Jujuy. Sostuvo que no analiz\u00f3 toda la prueba y que fue arbitrario en su decisi\u00f3n y fundamentaci\u00f3n.<\/p>\n<p>Pero los jueces del m\u00e1ximo tribunal del pa\u00eds rechazaron los argumentos. Primero se\u00f1alaron que la apelaci\u00f3n era improcedente porque no cumpl\u00eda los requisitos administrativos. Pero tambi\u00e9n avalaron el fallo desde lo jur\u00eddico. El procurador general de la Naci\u00f3n, Eduardo Casal, hab\u00eda dictaminado por rechazar la apelaci\u00f3n de Sala.<\/p>\n<p>Los cinco jueces de la Corte Suprema sostuvieron que sus pares de Jujuy fundaron \u201clas razones por las que rechazaba los planteos de la defensa\u201d. \u201cEn tal sentido, se\u00f1al\u00f3 por qu\u00e9 no pod\u00eda entenderse vulnerado el principio de inmediaci\u00f3n, valor\u00f3 las pruebas por medio de las cuales deb\u00edan tenerse por acreditados los hechos y la responsabilidad penal de la acusada, justific\u00f3 la calificaci\u00f3n legal impuesta y redujo la pena oportunamente determinada\u201d, agregaron.<\/p>\n<p>\u201cPor todo ello, el agravio planteado prescinde de las constancias de la causa, y no ha demostrado una vulneraci\u00f3n al derecho a la revisi\u00f3n amplia de la sentencia condenatoria reconocido por este Tribunal\u201d, agregaron. As\u00ed, los magistrados concluyeron que \u201cno se ha demostrado m\u00ednimamente la conformaci\u00f3n de alguno de los supuestos habilitantes de la competencia extraordinaria de esta Corte\u201d.<\/p>\n<p>INFOBAE.-<\/div>\n","protected":false},"excerpt":{"rendered":"<p>Por unanimidad, el m\u00e1ximo tribunal ratific\u00f3 la pena a dos a\u00f1os de prisi\u00f3n contra la militante kirchnerista por amenazar a un grupo de polic\u00edas. La Corte Suprema de Justicia de la Naci\u00f3n confirm\u00f3 hoy una de las condenas contra Milagro Sala luego de rechazar un recurso de queja presentado por la defensa de la militante [&hellip;]<\/p>\n","protected":false},"author":1,"featured_media":9150,"comment_status":"closed","ping_status":"closed","sticky":false,"template":"","format":"standard","meta":{"footnotes":""},"categories":[8],"tags":[],"class_list":{"0":"post-9149","1":"post","2":"type-post","3":"status-publish","4":"format-standard","5":"has-post-thumbnail","7":"category-nacionales"},"_links":{"self":[{"href":"https:\/\/chacosintesis.com.ar\/index.php\/wp-json\/wp\/v2\/posts\/9149","targetHints":{"allow":["GET"]}}],"collection":[{"href":"https:\/\/chacosintesis.com.ar\/index.php\/wp-json\/wp\/v2\/posts"}],"about":[{"href":"https:\/\/chacosintesis.com.ar\/index.php\/wp-json\/wp\/v2\/types\/post"}],"author":[{"embeddable":true,"href":"https:\/\/chacosintesis.com.ar\/index.php\/wp-json\/wp\/v2\/users\/1"}],"replies":[{"embeddable":true,"href":"https:\/\/chacosintesis.com.ar\/index.php\/wp-json\/wp\/v2\/comments?post=9149"}],"version-history":[{"count":0,"href":"https:\/\/chacosintesis.com.ar\/index.php\/wp-json\/wp\/v2\/posts\/9149\/revisions"}],"wp:featuredmedia":[{"embeddable":true,"href":"https:\/\/chacosintesis.com.ar\/index.php\/wp-json\/wp\/v2\/media\/9150"}],"wp:attachment":[{"href":"https:\/\/chacosintesis.com.ar\/index.php\/wp-json\/wp\/v2\/media?parent=9149"}],"wp:term":[{"taxonomy":"category","embeddable":true,"href":"https:\/\/chacosintesis.com.ar\/index.php\/wp-json\/wp\/v2\/categories?post=9149"},{"taxonomy":"post_tag","embeddable":true,"href":"https:\/\/chacosintesis.com.ar\/index.php\/wp-json\/wp\/v2\/tags?post=9149"}],"curies":[{"name":"wp","href":"https:\/\/api.w.org\/{rel}","templated":true}]}}