{"id":9133,"date":"2021-02-08T09:29:11","date_gmt":"2021-02-08T12:29:11","guid":{"rendered":"https:\/\/chacosintesis.com.ar\/?p=9133"},"modified":"2021-02-08T09:37:37","modified_gmt":"2021-02-08T12:37:37","slug":"el-campo-se-prepara-para-otro-conflicto-si-el-gobierno-decide-subir-las-retenciones","status":"publish","type":"post","link":"https:\/\/chacosintesis.com.ar\/index.php\/el-campo-se-prepara-para-otro-conflicto-si-el-gobierno-decide-subir-las-retenciones\/","title":{"rendered":"El campo se prepara para otro conflicto si el Gobierno decide subir las retenciones"},"content":{"rendered":"<div dir=\"ltr\">\u201cSi avanzan con esto, es muy probable que haya conflicto\u201d, dijo el presidente de Federaci\u00f3n Agraria, Carlos Achetoni, en referencia a las declaraciones del presidente Alberto Fern\u00e1ndez al diario P\u00e1gina\/12, en las que se\u00f1al\u00f3 que \u201cel Estado s\u00f3lo tiene dos canales para resolver el problema (del aumento de la carne en particular y de los alimentos en general), dos herramientas que preferir\u00eda no usar: subir las retenciones, que en este momento est\u00e1n acotadas, o poner cupos, decir esto no se exporta. Y no hay mucho m\u00e1s tiempo para que decidan\u201d.<\/p>\n<p>Las palabras presidenciales sonaron como un ultim\u00e1tum, luego de declaraciones en el mismo sentido de la vicejefa de Gabinete, Cecilia Todesca y, menos notadas, respuestas que el ministro de Econom\u00eda, Mart\u00edn Guzm\u00e1n, dio en su recorrido por el interior del pa\u00eds: tanto en Chaco como en Tucum\u00e1n ya hab\u00eda admitido, como not\u00f3 en ese momento Infobae, que una nueva suba de los impuestos (retenciones) a la exportaci\u00f3n era una posibilidad. Ahora el presidente agreg\u00f3 tambi\u00e9n la de imponer cupos, medida similar a la que el gobierno \u2013en modo extremo, pero temporario- lleg\u00f3 a aplicar brevemente sobre el ma\u00edz, prohibiendo las exportaciones.<\/p>\n<p>OTRA BR\u00daJUJA<\/p>\n<p>\u201cNecesitamos otra br\u00fajula, sinceramente no se entiende la situaci\u00f3n. Por un lado se necesita ingreso de divisas, y eso lo asocian a los precios en g\u00f3ndola, pero nosotros no somos fijadores de precios. Y cerrando las exportaciones no van a tener divisas\u201d, dijo Achetoni, quien adelant\u00f3 que seguramente la Mesa de Enlace de las Entidades Agropecuarias se reunir\u00e1 en forma virtual en las pr\u00f3ximas horas para evaluar la situaci\u00f3n y eventuales respuestas en caso de que el gobierno aplique alguna de las medidas mencionadas por el presidente.<\/p>\n<p>&quot;Por un lado se necesita ingreso de divisas, y eso lo asocian a los precios en g\u00f3ndola, pero nosotros no somos fijadores de precios. Y cerrando las exportaciones no van a tener divisas (Carlos Achetoni, presidente de Federaci\u00f3n Agraria)&quot;.<\/p>\n<p>Jorge Chemes, presidente de Confederaciones Rurales Argentinas (CRA), fue m\u00e1s contundente a\u00fan. \u201cSiguen sin entender la situaci\u00f3n. Ellos entienden -dijo, en referencia al Gobierno- que nosotros somos formadores de precios. Primero, no lo somos. Y segundo, la participaci\u00f3n que tiene el producto primario en el producto final es muy baja. El paquete impositivo y los dem\u00e1s segmentos tienen una influencia mucho mayor. \u00bfPor qu\u00e9 est\u00e1n tan convencidos de que manejando el eslab\u00f3n primario van a manejar los precios? Es un error garrafal, pero no lo quieren entender. Y ah\u00ed es donde pensamos que hay una cuesti\u00f3n ideol\u00f3gica en contra del campo\u201d, dijo Chemes.<\/p>\n<p>Poco antes, en declaraciones al programa CNN Campo, Achetoni hab\u00eda dicho que \u201chay un problema que no se quiere reconocer: la inflaci\u00f3n, ese es el problema\u201d, y record\u00f3 que el agro le acerc\u00f3 propuestas al gobierno como \u201creducir el IVA v\u00eda tarjeta par que el producto llegue m\u00e1s barato; pero ver esto y sabiendo c\u00f3mo est\u00e1 el \u00e1nimo de los productores, si avanzan con esto es muy probable que haya conflicto\u201d.<\/p>\n<p>El titular de Federaci\u00f3n Agraria dijo que si bien no hab\u00eda reuni\u00f3n programada con la Mesa de Enlace (que tambi\u00e9n integran la Sociedad Rural, CRA y Coninagro, que agrupa a cooperativas del agro de todo el pa\u00eds), en las pr\u00f3ximas horas \u201cesta coyuntura nos va a llevar a juntarnos y observar esta situaci\u00f3n y ver qu\u00e9 veracidad tiene en los hechos\u201d.<\/p>\n<p>Achetoni tambi\u00e9n se\u00f1al\u00f3 que el gobierno est\u00e1 motivado por razones ideol\u00f3gicas para enfrentarse con el campo y culparlo de la inflaci\u00f3n. \u201cTal vez piensen que en un a\u00f1o electoral les d\u00e9 m\u00e1s notoriedad y posicionamiento estar en contra del campo, pero el campo aportaba el 60% de las divisas y en 2020 aportamos el 70%\u201d, se\u00f1al\u00f3. Adem\u00e1s, critic\u00f3 la intenci\u00f3n del gobierno de \u201cpretender desacoplar lo \u00fanico que tiene precio referencial. \u201cLa leche, la fruta se la est\u00e1n pagando a los productores por debajo del costo, pero eso no les importa, s\u00ed les preocupa que la carne tenga un precio de referencia\u201d, dijo el dirigente agropecuario.<\/p>\n<p>CUADRO DE SITUACI\u00d3N<\/p>\n<p>Seg\u00fan las facultades que el Gobierno se concedi\u00f3 a trav\u00e9s de la ley de Emergencia Econ\u00f3mica, el gobierno tiene a\u00fan la posibilidad de aumentar por decreto en 3 puntos porcentuales (de 12 a 15%) las retenciones al trigo y el ma\u00edz. Ese mismo margen de tres puntos se lo hab\u00eda reservado para aumentar las retenciones sobre la exportaci\u00f3n de soja (de 30 a 33%), pero ya lo us\u00f3 en marzo de 2020. En cuanto a la carne, el actual tributo est\u00e1 en el 9% e incluso el Gobierno hab\u00eda recibido el pedido del Consejo Agroindustrial Argentino, nacido con cierto auspicio oficial, para reducirlas al 5%, lo cual qued\u00f3 en la nada. Cualquier otro aumento de retenciones diferente al del trigo y el ma\u00edz deber\u00eda pasar por el Congreso. En cambio, el Gobierno s\u00ed puede establecer por decreto cupos o prohibiciones (como hizo brevemente con el ma\u00edz) a la exportaci\u00f3n. Lo cual equivaldr\u00eda a conspirar contra la provisi\u00f3n del bien m\u00e1s escaso en las arcas oficiales: d\u00f3lares.<\/p>\n<p>La Argentina es uno de los pocos pa\u00edses que aplica impuestos (retenciones) a la exportaci\u00f3n. Centenares de pa\u00edses del mundo no aplican ese tipo de tributos, tienen precios de los alimentos m\u00e1s caros que la Argentina y no tienen inflaciones de dos d\u00edgitos, fen\u00f3meno este \u00faltimo limitado a poco m\u00e1s de una decena de naciones del mundo, Peor aun, un trabajo elaborado el a\u00f1o pasado por Juan Manuel Garz\u00f3n, especialista en econom\u00eda agropecuaria del Ieral, muestra a las claras la excepcionalidad argentina en el desaliento a las exportaciones agropecuarias (Mapa), que a\u00fan as\u00ed explicaron el a\u00f1o pasado cerca de 70% del ingreso de divisas al pa\u00eds.<\/p>\n<p>En el mismo programa, el diputado Alejandro \u201cTopo\u201d Rodr\u00edguez, de Consenso Federal, el bloque nucleado en torno del liderazgo del exministro de Econom\u00eda Roberto Lavagna, hab\u00eda adelantado que ese sector no aprobar\u00eda en el Congreso ninguna iniciativa legislativa que implique aumentar las retenciones. De todos modos, el gobierno tiene a\u00fan un margen para aumentar por decreto, de 12 a 15%, las retenciones sobre el trigo y el ma\u00edz y tambi\u00e9n imponer retenciones a la carne. Adem\u00e1s, claro de la posibilidad de fijar cupos de exportaci\u00f3n o directamente prohibir las ventas al exterior.<\/p>\n<p>Tambi\u00e9n el formose\u00f1o Ricardo Buryaile, ex miembro de la Mesa de Enlace y primer ministro de Agricultura y Ganader\u00eda del gobierno de Mauricio Macri, reaccion\u00f3 y se dirigi\u00f3 a Alberto Fern\u00e1ndez a trav\u00e9s de Twitter. En la red social del pajarito, le pregunt\u00f3 al presidente si cuando hablaba de \u201cdesacoplar\u201d precios ignoraba que ese fen\u00f3meno ya se produce a trav\u00e9s del desdoblamiento cambiario, por el cual un exportador de soja, por caso, recibe poco menos de $ 60 por d\u00f3lar. Al igual que Chemes, de CRA, Buryaile se\u00f1al\u00f3 que no tiene sentido hacer responsable del precio final de un producto al primer eslab\u00f3n de la cadena de valor. Al igual que Achetoni, remarc\u00f3 la incidencia de los impuestos en el precio de los alimentos. Y se\u00f1al\u00f3 que, en caso de imponer cupos, el Gobierno estar\u00e1 jugando a favor de las grandes exportadoras, que tendr\u00edan mucho m\u00e1s poder para imponer condiciones a los productores.<\/p>\n<p>Fuente: Infobae<\/p><\/div>\n","protected":false},"excerpt":{"rendered":"<p>\u201cSi avanzan con esto, es muy probable que haya conflicto\u201d, dijo el presidente de Federaci\u00f3n Agraria, Carlos Achetoni, en referencia a las declaraciones del presidente Alberto Fern\u00e1ndez al diario P\u00e1gina\/12, en las que se\u00f1al\u00f3 que \u201cel Estado s\u00f3lo tiene dos canales para resolver el problema (del aumento de la carne en particular y de los [&hellip;]<\/p>\n","protected":false},"author":1,"featured_media":9134,"comment_status":"closed","ping_status":"closed","sticky":false,"template":"","format":"standard","meta":{"footnotes":""},"categories":[8],"tags":[],"class_list":{"0":"post-9133","1":"post","2":"type-post","3":"status-publish","4":"format-standard","5":"has-post-thumbnail","7":"category-nacionales"},"_links":{"self":[{"href":"https:\/\/chacosintesis.com.ar\/index.php\/wp-json\/wp\/v2\/posts\/9133","targetHints":{"allow":["GET"]}}],"collection":[{"href":"https:\/\/chacosintesis.com.ar\/index.php\/wp-json\/wp\/v2\/posts"}],"about":[{"href":"https:\/\/chacosintesis.com.ar\/index.php\/wp-json\/wp\/v2\/types\/post"}],"author":[{"embeddable":true,"href":"https:\/\/chacosintesis.com.ar\/index.php\/wp-json\/wp\/v2\/users\/1"}],"replies":[{"embeddable":true,"href":"https:\/\/chacosintesis.com.ar\/index.php\/wp-json\/wp\/v2\/comments?post=9133"}],"version-history":[{"count":0,"href":"https:\/\/chacosintesis.com.ar\/index.php\/wp-json\/wp\/v2\/posts\/9133\/revisions"}],"wp:featuredmedia":[{"embeddable":true,"href":"https:\/\/chacosintesis.com.ar\/index.php\/wp-json\/wp\/v2\/media\/9134"}],"wp:attachment":[{"href":"https:\/\/chacosintesis.com.ar\/index.php\/wp-json\/wp\/v2\/media?parent=9133"}],"wp:term":[{"taxonomy":"category","embeddable":true,"href":"https:\/\/chacosintesis.com.ar\/index.php\/wp-json\/wp\/v2\/categories?post=9133"},{"taxonomy":"post_tag","embeddable":true,"href":"https:\/\/chacosintesis.com.ar\/index.php\/wp-json\/wp\/v2\/tags?post=9133"}],"curies":[{"name":"wp","href":"https:\/\/api.w.org\/{rel}","templated":true}]}}