{"id":9095,"date":"2021-02-02T16:40:38","date_gmt":"2021-02-02T19:40:38","guid":{"rendered":"https:\/\/chacosintesis.com.ar\/?p=9095"},"modified":"2021-02-02T17:07:25","modified_gmt":"2021-02-02T20:07:25","slug":"vuelven-las-becas-progresar-como-y-cuando-inscribirse","status":"publish","type":"post","link":"https:\/\/chacosintesis.com.ar\/index.php\/vuelven-las-becas-progresar-como-y-cuando-inscribirse\/","title":{"rendered":"Vuelven las Becas Progresar: c\u00f3mo y cu\u00e1ndo inscribirse"},"content":{"rendered":"<div dir=\"ltr\">El monto de las becas Progresar en 2021 se duplicar\u00e1 y el n\u00famero de beneficiarios del programa pasar\u00e1n de 550 mil a 750 mil alumnos. Requisitos, c\u00f3mo y cu\u00e1ndo inscribirse y montos de las becas por nivel acad\u00e9mico.<\/p>\n<p>El ministro de Educaci\u00f3n, Nicol\u00e1s Trotta, anunci\u00f3 la semana pasada que aumentar\u00e1 el monto de las becas Progresar y el n\u00famero de beneficiarios del programa, que pasar\u00e1n de 550 mil a 750 mil alumnos.<\/p>\n<p>El anuncio incluye una duplicaci\u00f3n del monto actual de las becas que asciende hasta $6.900 mensuales, adem\u00e1s de la incorporaci\u00f3n de nuevos becados con la actualizaci\u00f3n del salario m\u00ednimo vital y m\u00f3vil (SMVM).<\/p>\n<p>\u201cHabr\u00e1 una actualizaci\u00f3n del monto que se cobra, que ser\u00e1 anunciado por el Presidente, y tambi\u00e9n un aumento de la cobertura, que llegar\u00e1 a 750 mil beneficiarios. Es un derecho y un acompa\u00f1amiento a la trayectoria educativa de todos estos j\u00f3venes\u201d, anticip\u00f3 el ministro en di\u00e1logo con Radio Dos.<\/p>\n<p>Las becas Progresar es un programa a cargo de ANSES que acompa\u00f1a al alumno en todos los niveles educativos durante su trayectoria acad\u00e9mica. Se busca fortalecer el ingreso, la permanencia y el egreso de los estudiantes, unificando todas las becas educativas del gobierno nacional.<\/p>\n<p>C\u00f3mo y cu\u00e1ndo inscribirse al Progresar<\/p>\n<p>Del 1 al 31 de marzo comienza la inscripci\u00f3n al progresar ingresando a nuestra la web oficial de Progresar con usuario y contrase\u00f1a.<\/p>\n<p>Requisitos para inscribirse al Progresar<\/p>\n<p>Ser argentina\/o nativa\/o o por opci\u00f3n.<br \/>Tener al momento del cierre de la convocatoria, en el caso de alumnos\/as ingresantes, entre dieciocho (18) y veinticuatro (24) a\u00f1os de edad cumplidos y para el caso de alumnos\/as avanzados\/as en la carrera, hasta treinta (30) a\u00f1os cumplidos.<br \/>Para el caso de grupos en condici\u00f3n de vulnerabilidad multidimensional, tanto ingresantes como avanzados\/as, la edad se extiende hasta treinta y cinco (35) a\u00f1os y particularmente para las personas trans e integrantes de las comunidades ind\u00edgenas y\/o pertenecientes a pueblos originarios no se establece l\u00edmite de edad.<br \/>El total de tus ingresos y los de tu grupo familiar debe ser menor a la suma de tres salarios m\u00ednimos, vitales y m\u00f3viles.<br \/>Ser egresada\/o del nivel medio y no adeudar materias al momento de la inscripci\u00f3n.<br \/>Cumplir con los requisitos acad\u00e9micos establecidos.<\/p>\n<p>Requisitos acad\u00e9micos<\/p>\n<p>Los\/as postulantes a una beca \u201cprogresar\u201d que acceden por primera vez a la beca en calidad de alumnos\/as avanzados\/as como los que revistan la condici\u00f3n de re inscriptos\/as, es decir que hayan tenido una beca con anterioridad, deber\u00e1n acreditar tener m\u00e1s del CINCUENTA POR CIENTO (50%) de las materias aprobadas conforme el plan de estudio y el a\u00f1o cursado.<\/p>\n<p>Los grupos en condici\u00f3n de vulnerabilidad multidimensional, deber\u00e1n acreditar la condici\u00f3n de regularidad exigido por el plan de estudios respectivo.<\/p>\n<p>Montos de la beca Progresar<\/p>\n<p>Los montos est\u00e1n detallados a continuaci\u00f3n, seg\u00fan sea nivel universitario\/nivel no universitario y si corresponden a carreras estrat\u00e9gicas o no, a saber:<\/p>\n<p>Carreras universitarias:<\/p>\n<p>Para estudiantes de 1\u00ba y 2\u00ba a\u00f1o \u2013 $2.250<br \/>Para estudiantes de 3\u00ba y 4\u00ba a\u00f1o \u2013 $2.700<br \/>Para estudiantes de 5\u00ba a\u00f1o \u2013 $3.250<\/p>\n<p>Carreras universitarias consideradas estrat\u00e9gicas:<\/p>\n<p>Para estudiantes de 1\u00ba a\u00f1o \u2013 $ 2.550<br \/>Para estudiantes de 2\u00ba a\u00f1o \u2013 $ 3.100<br \/>Para estudiantes de 3\u00ba a\u00f1o \u2013 $ 4.100<br \/>Para estudiantes de 4\u00ba a\u00f1o \u2013 $ 5.350<br \/>Para estudiantes de 5\u00ba a\u00f1o \u2013 $ 6.900<\/p>\n<p>Carreras de educaci\u00f3n superior no universitarias:<\/p>\n<p>Para estudiantes de 1\u00ba y 2\u00ba a\u00f1o \u2013 $ 2.250<br \/>Para estudiantes de 3\u00ba y 4\u00ba a\u00f1o \u2013 $ 2.700<\/p>\n<p>Carreras de educaci\u00f3n superior no universitarias consideradas estrat\u00e9gicas:<\/p>\n<p>Para estudiantes de 1\u00ba a\u00f1o \u2013 $ 2.550<br \/>Para estudiantes de 2\u00ba a\u00f1o \u2013 $ 2.800<br \/>Para estudiantes de 3\u00ba a\u00f1o \u2013 $ 3.650<\/p>\n<p>Los\/as becarios\/as que est\u00e1n ingresando por primera vez a la carrera, recibir\u00e1n mensualmente el 80% del monto asignado, mientras que el otro 20% al inicio del a\u00f1o siguiente, si al terminar el ciclo lectivo actual cumple con los requisitos de aprobaci\u00f3n de la cursada correspondiente.<\/p>\n<p>Los\/as becarios\/as avanzados\/as hayan o no sido becarios\/as con anterioridad, se les abonar\u00e1 el cien por ciento (100%) del monto de la misma desde la primera cuota siempre que acredite haber aprobado m\u00e1s del cincuenta por ciento (50%) de las materias seg\u00fan plan de estudios y a\u00f1o de cursada.<\/p>\n<p>AMBITO.-<\/p><\/div>\n","protected":false},"excerpt":{"rendered":"<p>El monto de las becas Progresar en 2021 se duplicar\u00e1 y el n\u00famero de beneficiarios del programa pasar\u00e1n de 550 mil a 750 mil alumnos. Requisitos, c\u00f3mo y cu\u00e1ndo inscribirse y montos de las becas por nivel acad\u00e9mico. El ministro de Educaci\u00f3n, Nicol\u00e1s Trotta, anunci\u00f3 la semana pasada que aumentar\u00e1 el monto de las becas [&hellip;]<\/p>\n","protected":false},"author":1,"featured_media":9096,"comment_status":"closed","ping_status":"closed","sticky":false,"template":"","format":"standard","meta":{"footnotes":""},"categories":[8],"tags":[],"class_list":{"0":"post-9095","1":"post","2":"type-post","3":"status-publish","4":"format-standard","5":"has-post-thumbnail","7":"category-nacionales"},"_links":{"self":[{"href":"https:\/\/chacosintesis.com.ar\/index.php\/wp-json\/wp\/v2\/posts\/9095","targetHints":{"allow":["GET"]}}],"collection":[{"href":"https:\/\/chacosintesis.com.ar\/index.php\/wp-json\/wp\/v2\/posts"}],"about":[{"href":"https:\/\/chacosintesis.com.ar\/index.php\/wp-json\/wp\/v2\/types\/post"}],"author":[{"embeddable":true,"href":"https:\/\/chacosintesis.com.ar\/index.php\/wp-json\/wp\/v2\/users\/1"}],"replies":[{"embeddable":true,"href":"https:\/\/chacosintesis.com.ar\/index.php\/wp-json\/wp\/v2\/comments?post=9095"}],"version-history":[{"count":0,"href":"https:\/\/chacosintesis.com.ar\/index.php\/wp-json\/wp\/v2\/posts\/9095\/revisions"}],"wp:featuredmedia":[{"embeddable":true,"href":"https:\/\/chacosintesis.com.ar\/index.php\/wp-json\/wp\/v2\/media\/9096"}],"wp:attachment":[{"href":"https:\/\/chacosintesis.com.ar\/index.php\/wp-json\/wp\/v2\/media?parent=9095"}],"wp:term":[{"taxonomy":"category","embeddable":true,"href":"https:\/\/chacosintesis.com.ar\/index.php\/wp-json\/wp\/v2\/categories?post=9095"},{"taxonomy":"post_tag","embeddable":true,"href":"https:\/\/chacosintesis.com.ar\/index.php\/wp-json\/wp\/v2\/tags?post=9095"}],"curies":[{"name":"wp","href":"https:\/\/api.w.org\/{rel}","templated":true}]}}