{"id":9085,"date":"2021-02-01T09:16:13","date_gmt":"2021-02-01T12:16:13","guid":{"rendered":"https:\/\/chacosintesis.com.ar\/?p=9085"},"modified":"2021-02-01T09:37:06","modified_gmt":"2021-02-01T12:37:06","slug":"murio-abigail-la-nina-a-la-que-su-padre-cargo-en-brazos-para-entrar-a-santiago-del-estero","status":"publish","type":"post","link":"https:\/\/chacosintesis.com.ar\/index.php\/murio-abigail-la-nina-a-la-que-su-padre-cargo-en-brazos-para-entrar-a-santiago-del-estero\/","title":{"rendered":"Muri\u00f3 Abigail, la ni\u00f1a a la que su padre carg\u00f3 en brazos para entrar a Santiago del Estero"},"content":{"rendered":"<div dir=\"ltr\">Su caso conmocion\u00f3 a la sociedad en noviembre pasado, cuando le negaron el acceso a esa provincia al volver de realizarse el tratamiento en Tucum\u00e1n. Falleci\u00f3 en su casa a los 12 a\u00f1os.<\/p>\n<p>Abigail Jim\u00e9nez, la ni\u00f1a de 12 a\u00f1os cuyo caso conmovi\u00f3 a la sociedad luego de que le negaran el ingreso a Santiago del Estero cuando volv\u00eda de realizar su tratamiento en Tucum\u00e1n, muri\u00f3 este domingo como consecuencia del c\u00e1ncer que la aquejaba.<\/p>\n<p>La noticia fue confirmada por la familia de la menor, que detall\u00f3 que el deceso se produjo cerca de las ocho de la noche del domingo en su casa de la localidad santiague\u00f1a de R\u00edo Hondo.<\/p>\n<p>Jim\u00e9nez hab\u00eda mostrado signos de recuperaci\u00f3n, por lo que estaba realizando un tratamiento domiciliario. Este fin de semana sufri\u00f3 una reca\u00edda y no pudo reponerse.<\/p>\n<p>El caso de la ni\u00f1a cobr\u00f3 relevancia en noviembre, cuando autoridades policiales de Santiago del Estero le negaron el acceso a la provincia como parte de las restricciones de circulaci\u00f3n aplicadas para combatir el avance del Covid-19.<\/p>\n<p>La menor y su padre volv\u00edan desde Tucum\u00e1n, donde ella se estaba realizando un tratamiento oncol\u00f3gico. Ante esta situaci\u00f3n, el hombre la carg\u00f3 en sus brazos y la llev\u00f3 a trav\u00e9s de la frontera, una secuencia que qued\u00f3 registrada en un video.<\/p>\n<p>R\u00e1pidamente la grabaci\u00f3n y algunas capturas se hicieron virales en las redes sociales y generaron revuelo y m\u00faltiples reproches para el gobierno santiague\u00f1o que conduce Gerardo Zamora.<\/p><\/div>\n","protected":false},"excerpt":{"rendered":"<p>Su caso conmocion\u00f3 a la sociedad en noviembre pasado, cuando le negaron el acceso a esa provincia al volver de realizarse el tratamiento en Tucum\u00e1n. Falleci\u00f3 en su casa a los 12 a\u00f1os. Abigail Jim\u00e9nez, la ni\u00f1a de 12 a\u00f1os cuyo caso conmovi\u00f3 a la sociedad luego de que le negaran el ingreso a Santiago [&hellip;]<\/p>\n","protected":false},"author":1,"featured_media":9086,"comment_status":"closed","ping_status":"closed","sticky":false,"template":"","format":"standard","meta":{"footnotes":""},"categories":[8],"tags":[],"class_list":{"0":"post-9085","1":"post","2":"type-post","3":"status-publish","4":"format-standard","5":"has-post-thumbnail","7":"category-nacionales"},"_links":{"self":[{"href":"https:\/\/chacosintesis.com.ar\/index.php\/wp-json\/wp\/v2\/posts\/9085","targetHints":{"allow":["GET"]}}],"collection":[{"href":"https:\/\/chacosintesis.com.ar\/index.php\/wp-json\/wp\/v2\/posts"}],"about":[{"href":"https:\/\/chacosintesis.com.ar\/index.php\/wp-json\/wp\/v2\/types\/post"}],"author":[{"embeddable":true,"href":"https:\/\/chacosintesis.com.ar\/index.php\/wp-json\/wp\/v2\/users\/1"}],"replies":[{"embeddable":true,"href":"https:\/\/chacosintesis.com.ar\/index.php\/wp-json\/wp\/v2\/comments?post=9085"}],"version-history":[{"count":0,"href":"https:\/\/chacosintesis.com.ar\/index.php\/wp-json\/wp\/v2\/posts\/9085\/revisions"}],"wp:featuredmedia":[{"embeddable":true,"href":"https:\/\/chacosintesis.com.ar\/index.php\/wp-json\/wp\/v2\/media\/9086"}],"wp:attachment":[{"href":"https:\/\/chacosintesis.com.ar\/index.php\/wp-json\/wp\/v2\/media?parent=9085"}],"wp:term":[{"taxonomy":"category","embeddable":true,"href":"https:\/\/chacosintesis.com.ar\/index.php\/wp-json\/wp\/v2\/categories?post=9085"},{"taxonomy":"post_tag","embeddable":true,"href":"https:\/\/chacosintesis.com.ar\/index.php\/wp-json\/wp\/v2\/tags?post=9085"}],"curies":[{"name":"wp","href":"https:\/\/api.w.org\/{rel}","templated":true}]}}