{"id":9045,"date":"2021-01-26T21:19:35","date_gmt":"2021-01-27T00:19:35","guid":{"rendered":"https:\/\/chacosintesis.com.ar\/?p=9045"},"modified":"2021-01-26T21:37:27","modified_gmt":"2021-01-27T00:37:27","slug":"el-bolson-el-incendio-que-arraso-casi-10-mil-hectareas-se-habria-originado-por-gente-que-hizo-un-asado","status":"publish","type":"post","link":"https:\/\/chacosintesis.com.ar\/index.php\/el-bolson-el-incendio-que-arraso-casi-10-mil-hectareas-se-habria-originado-por-gente-que-hizo-un-asado\/","title":{"rendered":"El Bols\u00f3n: el incendio que arras\u00f3 casi 10 mil hect\u00e1reas se habr\u00eda originado por gente que hizo un asado"},"content":{"rendered":"<div dir=\"ltr\">El incendio en la zona de Cuesta del Ternero, cerca de El Bols\u00f3n, que se desat\u00f3 el domingo pasado por la tarde, ya arras\u00f3 casi 10 mil hect\u00e1reas de bosque. La gobernadora de R\u00edo Negro, Arabela Carreras, sobrevol\u00f3 el \u00e1rea donde se desarrolla el fuego y cont\u00f3 que la principal hip\u00f3tesis que manejan los especialistas sobre el origen del siniestro hace referencia a que un grupo de personas hicieron un asado en el lugar, lo que habr\u00eda producido el desastre ambiental.<\/p>\n<p>Entrevistada en la se\u00f1al de noticias TN, Carreras fue consultada sobre las versiones que indican que una familia hizo un asado en una vivienda ubicada en la zona que ahora est\u00e1 incendiada, y que una chispa habr\u00eda ocasionado el fuego. La funcionaria respondi\u00f3: \u201cDesde el aire se ve muy claramente el lugar donde se inicia el fuego, que es una vivienda particular. En esa zona se est\u00e1 investigando\u2026 Reci\u00e9n nos hemos comunicado con el procurador de la Provincia y la Polic\u00eda de R\u00edo Negro, quienes tienen una hip\u00f3tesis cercana a la que dicen ustedes\u201d.<\/p>\n<p>\u201cReci\u00e9n estamos buscando todas las pruebas, pero aparentemente ser\u00eda una situaci\u00f3n culposa y no dolosa, por lo que lamentablemente un descuido habr\u00eda generado este desastre ambiental\u201d, se\u00f1al\u00f3.<\/p>\n<p>A pesar de que el fuego \u201cno tiene l\u00edmite y est\u00e1 avanzando de manera muy preocupante hacia Chubut\u201d, la mandataria provincial confirm\u00f3 que solo fueron quemadas dos viviendas y que sus habitantes fueron evacuados, sin registrarse heridos.<\/p>\n<p>La situaci\u00f3n empeor\u00f3 considerablemente a ra\u00edz del viento que hay en la zona. No obstante, Carreras intent\u00f3 llevar tranquilidad a los vecinos: \u201cLa poblaci\u00f3n de El Bols\u00f3n est\u00e1 bien y se desarrollan normalmente todas las actividades. Es una localidad tur\u00edstica que tiene arriba del 90 por ciento de ocupaci\u00f3n tur\u00edstica, algo que nos sorprendi\u00f3. Por el momento, el incendio se mantiene alejado de la poblaci\u00f3n\u201d.<\/p>\n<p>Seg\u00fan Carreras, el trabajo de los m\u00e1s de 100 brigadistas que se encuentran en el lugar es insuficiente para frenar un incendio de esta magnitud, que sigue creciendo hacia el sur. Por lo tanto, lo que se busca en primera instancia es preservar las viviendas de la zona sin poner en riesgo vida alguna, mientras se espera que las condiciones clim\u00e1ticas ayuden a apagar el fuego.<\/p>\n<p>Pero para eso habr\u00e1 que esperar. Para ma\u00f1ana se prev\u00e9n lluvias leves, que no colaborar\u00edan demasiado con los brigadistas. Reci\u00e9n el jueves o incluso el viernes llegar\u00edan precipitaciones m\u00e1s fuertes. \u201cDependemos de las condiciones clim\u00e1ticas. Se estima que va a bajar un poco la temperatura y que tengamos algo de lluvia, pero no necesariamente va a extinguir el fuego. Eso puede tardar varios d\u00edas, me informa la gente que m\u00e1s experiencia tiene. As\u00ed que habr\u00e1 que estar custodiando los l\u00edmites del incendio durante varios d\u00edas m\u00e1s\u201d, explic\u00f3 Carreras.<\/p>\n<p>Unas horas antes, el jefe de \u00c1rea T\u00e9cnica del Servicio de Prevenci\u00f3n y Lucha contra los Incendios Forestales (SPLIF) de El Bols\u00f3n, Nicol\u00e1s de Agostini, declar\u00f3: \u201cDebido a la sequedad del combustible vegetal de la zona en las \u00faltimas semanas, sumada a los fuertes vientos, hicieron que la situaci\u00f3n se descontrolara como nunca hab\u00edamos visto. Yo llevo 13 o 14 a\u00f1os aqu\u00ed y nunca se vio algo as\u00ed en esta zona. El incendio m\u00e1s grande que hab\u00edamos tenido hab\u00eda sido de unas 2.000 hect\u00e1reas\u201d.<\/p>\n<p>Hasta el lunes a \u00faltima hora, seg\u00fan se\u00f1al\u00f3 De Agostini a Infobae, solo se hab\u00eda registrado un herido, perteneciente al grupo de brigadistas que trabaja en el lugar, con una afecci\u00f3n menor en un ojo; y hab\u00edan sido evacuadas siete personas.<\/p>\n<p>\u201cEs una zona rural, el paisaje es una transici\u00f3n entre la cordillera y la estepa. Es un paisaje monta\u00f1oso con algunos valles, lo cual dificulta el combate porque para trasladar agua hay que recorrer muchos kil\u00f3metros. Hay grupos de casas y grandes campos con viviendas y galpones\u201d, afirm\u00f3 De Agostini.<\/p>\n<p>Las llamas se iniciaron alrededor de las 2 de la tarde del domingo en Cuesta del Ternero, un paraje rionegrino ubicado sobre la Ruta Provincial 6, que une El Bols\u00f3n con la localidad chubutense de El Mait\u00e9n.<\/p>\n<div><\/div>\n<div>DIARIOCHACO.-<\/div>\n<\/div>\n","protected":false},"excerpt":{"rendered":"<p>El incendio en la zona de Cuesta del Ternero, cerca de El Bols\u00f3n, que se desat\u00f3 el domingo pasado por la tarde, ya arras\u00f3 casi 10 mil hect\u00e1reas de bosque. La gobernadora de R\u00edo Negro, Arabela Carreras, sobrevol\u00f3 el \u00e1rea donde se desarrolla el fuego y cont\u00f3 que la principal hip\u00f3tesis que manejan los especialistas [&hellip;]<\/p>\n","protected":false},"author":1,"featured_media":9046,"comment_status":"closed","ping_status":"closed","sticky":false,"template":"","format":"standard","meta":{"footnotes":""},"categories":[8],"tags":[],"class_list":{"0":"post-9045","1":"post","2":"type-post","3":"status-publish","4":"format-standard","5":"has-post-thumbnail","7":"category-nacionales"},"_links":{"self":[{"href":"https:\/\/chacosintesis.com.ar\/index.php\/wp-json\/wp\/v2\/posts\/9045","targetHints":{"allow":["GET"]}}],"collection":[{"href":"https:\/\/chacosintesis.com.ar\/index.php\/wp-json\/wp\/v2\/posts"}],"about":[{"href":"https:\/\/chacosintesis.com.ar\/index.php\/wp-json\/wp\/v2\/types\/post"}],"author":[{"embeddable":true,"href":"https:\/\/chacosintesis.com.ar\/index.php\/wp-json\/wp\/v2\/users\/1"}],"replies":[{"embeddable":true,"href":"https:\/\/chacosintesis.com.ar\/index.php\/wp-json\/wp\/v2\/comments?post=9045"}],"version-history":[{"count":0,"href":"https:\/\/chacosintesis.com.ar\/index.php\/wp-json\/wp\/v2\/posts\/9045\/revisions"}],"wp:featuredmedia":[{"embeddable":true,"href":"https:\/\/chacosintesis.com.ar\/index.php\/wp-json\/wp\/v2\/media\/9046"}],"wp:attachment":[{"href":"https:\/\/chacosintesis.com.ar\/index.php\/wp-json\/wp\/v2\/media?parent=9045"}],"wp:term":[{"taxonomy":"category","embeddable":true,"href":"https:\/\/chacosintesis.com.ar\/index.php\/wp-json\/wp\/v2\/categories?post=9045"},{"taxonomy":"post_tag","embeddable":true,"href":"https:\/\/chacosintesis.com.ar\/index.php\/wp-json\/wp\/v2\/tags?post=9045"}],"curies":[{"name":"wp","href":"https:\/\/api.w.org\/{rel}","templated":true}]}}