{"id":88298,"date":"2025-07-31T14:10:16","date_gmt":"2025-07-31T17:10:16","guid":{"rendered":"https:\/\/chacosintesis.com.ar\/index.php\/max-verstappen-despejo-dudas-seguira-en-red-bull\/"},"modified":"2025-07-31T14:10:16","modified_gmt":"2025-07-31T17:10:16","slug":"max-verstappen-despejo-dudas-seguira-en-red-bull","status":"publish","type":"post","link":"https:\/\/chacosintesis.com.ar\/index.php\/max-verstappen-despejo-dudas-seguira-en-red-bull\/","title":{"rendered":"Max Verstappen despej\u00f3 dudas: seguir\u00e1 en Red Bull"},"content":{"rendered":"<p><\/p>\n<div>\t\t<!-- { REGION4 --> <\/p>\n<header class=\"news-headline\">\n<h2 class=\"news-headline__article-summary\">\t\t<\/h2>\n<p class=\"ignore-parser\">A pesar de los rumores que surgieron en las \u00faltimas semanas (incluso con menciones de contactos entre Mercedes y su entorno) el neerland\u00e9s dej\u00f3 en claro que su prioridad sigue siendo el trabajo con el equipo austr\u00edaco.<\/p>\n<\/header>\n<div class=\"detail-highlighted-multimedia content-protected-false\">\n<figure class=\"detail-highlighted-multimedia__figure\">  <img loading=\"lazy\" loading=\"lazy\" decoding=\"async\" src=\"data:image\/gif;base64,R0lGODlhAQABAIAAAAAAAP\/\/\/ywAAAAAAQABAAACAUwAOw==\" fifu-lazy=\"1\" fifu-data-sizes=\"auto\" fifu-data-srcset=\"https:\/\/i0.wp.com\/chacosintesis.com.ar\/wp-content\/uploads\/2025\/07\/Max-Verstappen-despejo-dudas-seguira-en-Red-Bull.jpg?ssl=1&w=75&resize=75&ssl=1 75w, https:\/\/i0.wp.com\/chacosintesis.com.ar\/wp-content\/uploads\/2025\/07\/Max-Verstappen-despejo-dudas-seguira-en-Red-Bull.jpg?ssl=1&w=100&resize=100&ssl=1 100w, https:\/\/i0.wp.com\/chacosintesis.com.ar\/wp-content\/uploads\/2025\/07\/Max-Verstappen-despejo-dudas-seguira-en-Red-Bull.jpg?ssl=1&w=150&resize=150&ssl=1 150w, https:\/\/i0.wp.com\/chacosintesis.com.ar\/wp-content\/uploads\/2025\/07\/Max-Verstappen-despejo-dudas-seguira-en-Red-Bull.jpg?ssl=1&w=240&resize=240&ssl=1 240w, https:\/\/i0.wp.com\/chacosintesis.com.ar\/wp-content\/uploads\/2025\/07\/Max-Verstappen-despejo-dudas-seguira-en-Red-Bull.jpg?ssl=1&w=320&resize=320&ssl=1 320w, https:\/\/i0.wp.com\/chacosintesis.com.ar\/wp-content\/uploads\/2025\/07\/Max-Verstappen-despejo-dudas-seguira-en-Red-Bull.jpg?ssl=1&w=500&resize=500&ssl=1 500w, https:\/\/i0.wp.com\/chacosintesis.com.ar\/wp-content\/uploads\/2025\/07\/Max-Verstappen-despejo-dudas-seguira-en-Red-Bull.jpg?ssl=1&w=640&resize=640&ssl=1 640w, https:\/\/i0.wp.com\/chacosintesis.com.ar\/wp-content\/uploads\/2025\/07\/Max-Verstappen-despejo-dudas-seguira-en-Red-Bull.jpg?ssl=1&w=800&resize=800&ssl=1 800w, https:\/\/i0.wp.com\/chacosintesis.com.ar\/wp-content\/uploads\/2025\/07\/Max-Verstappen-despejo-dudas-seguira-en-Red-Bull.jpg?ssl=1&w=1024&resize=1024&ssl=1 1024w, https:\/\/i0.wp.com\/chacosintesis.com.ar\/wp-content\/uploads\/2025\/07\/Max-Verstappen-despejo-dudas-seguira-en-Red-Bull.jpg?ssl=1&w=1280&resize=1280&ssl=1 1280w, https:\/\/i0.wp.com\/chacosintesis.com.ar\/wp-content\/uploads\/2025\/07\/Max-Verstappen-despejo-dudas-seguira-en-Red-Bull.jpg?ssl=1&w=1600&resize=1600&ssl=1 1600w\" fifu-data-src=\"https:\/\/i0.wp.com\/chacosintesis.com.ar\/wp-content\/uploads\/2025\/07\/Max-Verstappen-despejo-dudas-seguira-en-Red-Bull.jpg?ssl=1\" class=\"detail-highlighted-multimedia__figure-img img-fluid\" alt=\"Max Verstappen seguir\u00e1 en Red Bull\" width=\"655\" height=\"368\"\/><figcaption class=\"detail-highlighted-multimedia__figcaption\">  <span class=\"detail-highlighted-multimedia__copyright\">@redbullracing<\/span><\/figcaption><\/figure>\n<\/div>\n<article class=\"article-body article-body--first-paragraph content-protected-false\" data-td-script-src=\"https:\/\/www.ambito.com\/td\/modulos\/encuestas\/js\/function-embeds-min-version-1747541270.js\">\n<p data-start=\"286\" data-end=\"637\"><strong>Max Verstappen<\/strong> puso fin a las especulaciones y confirm\u00f3 que <strong>continuar\u00e1 en Red Bull<\/strong> al menos hasta la <a href=\"https:\/\/www.ambito.com\/deportes\/por-que-la-formula-1-no-se-corre-mas-la-lluvia-n6171851\" target=\"_blank\" rel=\"follow\">temporada 2026 de la F\u00f3rmula 1<\/a>. A pesar de los rumores que surgieron en las \u00faltimas semanas (incluso con menciones de contactos entre Mercedes y su entorno) el neerland\u00e9s dej\u00f3 en claro que su prioridad sigue siendo el trabajo con el equipo austr\u00edaco.<\/p>\n<\/article>\n<section class=\"suscription-false printed-edition\" style=\"display:none\">\n<p> El contenido al que quiere acceder es exclusivo para suscriptores.<\/p>\n<p>  <span> <button type=\"button\" name=\"button\" class=\"subscribe-btn mercadopago-btn\">suscribirse<\/button><\/span>  <span class=\"btns\"><button type=\"button\" name=\"button\" class=\"subscribe-btn reload-login\"> ya estoy suscripto<\/button><\/span>  <\/p>\n<\/section>\n<article class=\"article-body article-body--second-paragraph content-protected-false\">\n<p data-start=\"639\" data-end=\"966\">\u201cSiempre estuve enfocado en c\u00f3mo mejorar el rendimiento y planificar el futuro con el equipo. Nunca dije nada porque no ten\u00eda nada que agregar\u201d, explic\u00f3 <strong>Verstappen <\/strong>durante la previa del <strong>Gran Premio de Hungr\u00eda<\/strong>. Y fue contundente: <strong>\u201cPara m\u00ed siempre estuvo claro que me iba a quedar. Ya es momento de cortar con todos los rumores\u201d.<\/strong><\/p>\n<\/article>\n<section class=\"related-news\">\n<div class=\"row row--eq-height\">\n<div class=\"col-12 col-md-6\">\n<article class=\"news-article news-article--landscape-news news-article--landscape-news\">\n<figure class=\"news-article__figure figure\">\t\t<a href=\"https:\/\/www.ambito.com\/deportes\/alpine-crisis-asi-quedo-la-copa-constructores-la-formula-1-luego-del-gp-belgica-n6172286\" target=\"\" title=\"\u00e1mbito.com | Alpine en crisis: as\u00ed qued\u00f3 la Copa de Constructores de la F\u00f3rmula 1 luego del GP de B\u00e9lgica\" alt=\"\u00e1mbito.com | Alpine en crisis: as\u00ed qued\u00f3 la Copa de Constructores de la F\u00f3rmula 1 luego del GP de B\u00e9lgica\" rel=\"noindex nofollow noreferrer\"><br \/>\n\t\t\t\t\t\t\t\t\t\t\t<img loading=\"lazy\" loading=\"lazy\" decoding=\"async\" src=\"data:image\/gif;base64,R0lGODlhAQABAIAAAAAAAP\/\/\/ywAAAAAAQABAAACAUwAOw==\" fifu-lazy=\"1\" fifu-data-sizes=\"auto\" fifu-data-srcset=\"https:\/\/i0.wp.com\/chacosintesis.com.ar\/wp-content\/uploads\/2025\/07\/Franco-Colapinto-vuelve-a-correr-con-Alpine-el-Gran-Premio.png?ssl=1&w=75&resize=75&ssl=1 75w, https:\/\/i0.wp.com\/chacosintesis.com.ar\/wp-content\/uploads\/2025\/07\/Franco-Colapinto-vuelve-a-correr-con-Alpine-el-Gran-Premio.png?ssl=1&w=100&resize=100&ssl=1 100w, https:\/\/i0.wp.com\/chacosintesis.com.ar\/wp-content\/uploads\/2025\/07\/Franco-Colapinto-vuelve-a-correr-con-Alpine-el-Gran-Premio.png?ssl=1&w=150&resize=150&ssl=1 150w, https:\/\/i0.wp.com\/chacosintesis.com.ar\/wp-content\/uploads\/2025\/07\/Franco-Colapinto-vuelve-a-correr-con-Alpine-el-Gran-Premio.png?ssl=1&w=240&resize=240&ssl=1 240w, https:\/\/i0.wp.com\/chacosintesis.com.ar\/wp-content\/uploads\/2025\/07\/Franco-Colapinto-vuelve-a-correr-con-Alpine-el-Gran-Premio.png?ssl=1&w=320&resize=320&ssl=1 320w, https:\/\/i0.wp.com\/chacosintesis.com.ar\/wp-content\/uploads\/2025\/07\/Franco-Colapinto-vuelve-a-correr-con-Alpine-el-Gran-Premio.png?ssl=1&w=500&resize=500&ssl=1 500w, https:\/\/i0.wp.com\/chacosintesis.com.ar\/wp-content\/uploads\/2025\/07\/Franco-Colapinto-vuelve-a-correr-con-Alpine-el-Gran-Premio.png?ssl=1&w=640&resize=640&ssl=1 640w, https:\/\/i0.wp.com\/chacosintesis.com.ar\/wp-content\/uploads\/2025\/07\/Franco-Colapinto-vuelve-a-correr-con-Alpine-el-Gran-Premio.png?ssl=1&w=800&resize=800&ssl=1 800w, https:\/\/i0.wp.com\/chacosintesis.com.ar\/wp-content\/uploads\/2025\/07\/Franco-Colapinto-vuelve-a-correr-con-Alpine-el-Gran-Premio.png?ssl=1&w=1024&resize=1024&ssl=1 1024w, https:\/\/i0.wp.com\/chacosintesis.com.ar\/wp-content\/uploads\/2025\/07\/Franco-Colapinto-vuelve-a-correr-con-Alpine-el-Gran-Premio.png?ssl=1&w=1280&resize=1280&ssl=1 1280w, https:\/\/i0.wp.com\/chacosintesis.com.ar\/wp-content\/uploads\/2025\/07\/Franco-Colapinto-vuelve-a-correr-con-Alpine-el-Gran-Premio.png?ssl=1&w=1600&resize=1600&ssl=1 1600w\" fifu-data-src=\"https:\/\/i0.wp.com\/chacosintesis.com.ar\/wp-content\/uploads\/2025\/07\/Franco-Colapinto-vuelve-a-correr-con-Alpine-el-Gran-Premio.png?ssl=1\" alt=\"La F\u00f3rmula 1 parece tener un claro ganador en esta temporada.\" title=\"La F\u00f3rmula 1 parece tener un claro ganador en esta temporada.\" width=\"93\" height=\"52\" class=\"news-article__figure-img figure-img img-fluid\"\/>\t\t<\/a><\/figure>\n<\/article><\/div>\n<\/div>\n<\/section>\n<article class=\"article-body article-body--third-paragraph content-protected-false\">\n<p data-start=\"968\" data-end=\"1236\">Aunque su contrato con <strong>Red Bull<\/strong> se extiende hasta fines de 2028, varias cl\u00e1usulas pod\u00edan habilitar su salida anticipada, algunas vinculadas al rendimiento deportivo. Sin embargo, su cuarto puesto en <strong>B\u00e9lgica <\/strong>desactiva cualquier condici\u00f3n de ruptura para esta temporada.<\/p>\n<\/article>\n<article class=\"article-body article-body--fourth-paragraph content-protected-false\">\n<div contenteditable=\"false\" class=\"embed_cont type_imagen\" id=\"7935449-Libre-310820771_wrap\">\n<p>MAX VERSTAPPEN FESTEJO.JPG <span onclick=\"parent.parent.TinyMCETdcuerpo.preview_embed('7935449-Libre-310820771')\" class=\"embed_colapse less\" id=\"7935449-Libre-310820771_colapse\"\/>  <span onclick=\"parent.parent.TinyMCETdcuerpo.delete_embed('7935449-Libre-310820771')\" class=\"embed_delete less\" id=\"7935449-Libre-310820771_delete\"\/><\/p>\n<div id=\"7935449-Libre-310820771_content\" class=\"embed_content\"><img loading=\"lazy\" loading=\"lazy\" decoding=\"async\" src=\"data:image\/gif;base64,R0lGODlhAQABAIAAAAAAAP\/\/\/ywAAAAAAQABAAACAUwAOw==\" fifu-lazy=\"1\" fifu-data-sizes=\"auto\" fifu-data-srcset=\"https:\/\/i2.wp.com\/chacosintesis.com.ar\/wp-content\/uploads\/2025\/07\/1753981816_717_Max-Verstappen-despejo-dudas-seguira-en-Red-Bull.jpg?ssl=1&w=75&resize=75&ssl=1 75w, https:\/\/i2.wp.com\/chacosintesis.com.ar\/wp-content\/uploads\/2025\/07\/1753981816_717_Max-Verstappen-despejo-dudas-seguira-en-Red-Bull.jpg?ssl=1&w=100&resize=100&ssl=1 100w, https:\/\/i2.wp.com\/chacosintesis.com.ar\/wp-content\/uploads\/2025\/07\/1753981816_717_Max-Verstappen-despejo-dudas-seguira-en-Red-Bull.jpg?ssl=1&w=150&resize=150&ssl=1 150w, https:\/\/i2.wp.com\/chacosintesis.com.ar\/wp-content\/uploads\/2025\/07\/1753981816_717_Max-Verstappen-despejo-dudas-seguira-en-Red-Bull.jpg?ssl=1&w=240&resize=240&ssl=1 240w, https:\/\/i2.wp.com\/chacosintesis.com.ar\/wp-content\/uploads\/2025\/07\/1753981816_717_Max-Verstappen-despejo-dudas-seguira-en-Red-Bull.jpg?ssl=1&w=320&resize=320&ssl=1 320w, https:\/\/i2.wp.com\/chacosintesis.com.ar\/wp-content\/uploads\/2025\/07\/1753981816_717_Max-Verstappen-despejo-dudas-seguira-en-Red-Bull.jpg?ssl=1&w=500&resize=500&ssl=1 500w, https:\/\/i2.wp.com\/chacosintesis.com.ar\/wp-content\/uploads\/2025\/07\/1753981816_717_Max-Verstappen-despejo-dudas-seguira-en-Red-Bull.jpg?ssl=1&w=640&resize=640&ssl=1 640w, https:\/\/i2.wp.com\/chacosintesis.com.ar\/wp-content\/uploads\/2025\/07\/1753981816_717_Max-Verstappen-despejo-dudas-seguira-en-Red-Bull.jpg?ssl=1&w=800&resize=800&ssl=1 800w, https:\/\/i2.wp.com\/chacosintesis.com.ar\/wp-content\/uploads\/2025\/07\/1753981816_717_Max-Verstappen-despejo-dudas-seguira-en-Red-Bull.jpg?ssl=1&w=1024&resize=1024&ssl=1 1024w, https:\/\/i2.wp.com\/chacosintesis.com.ar\/wp-content\/uploads\/2025\/07\/1753981816_717_Max-Verstappen-despejo-dudas-seguira-en-Red-Bull.jpg?ssl=1&w=1280&resize=1280&ssl=1 1280w, https:\/\/i2.wp.com\/chacosintesis.com.ar\/wp-content\/uploads\/2025\/07\/1753981816_717_Max-Verstappen-despejo-dudas-seguira-en-Red-Bull.jpg?ssl=1&w=1600&resize=1600&ssl=1 1600w\" fifu-data-src=\"https:\/\/i2.wp.com\/chacosintesis.com.ar\/wp-content\/uploads\/2025\/07\/1753981816_717_Max-Verstappen-despejo-dudas-seguira-en-Red-Bull.jpg?ssl=1\" alt=\"Max Verstappen seguir\u00e1 festejando con Red Bull.\" title=\"Max Verstappen seguir\u00e1 festejando con Red Bull.\" width=\"686\" height=\"460\" id=\"7935449-Libre-310820771_embed\" crossorigin=\"anonymous\"\/><\/div>\n<div id=\"7935449-Libre-310820771_epigrafe\" class=\"embed_epigrafe\">\n<p> Max Verstappen seguir\u00e1 festejando con Red Bull.<\/p>\n<\/div>\n<p>Reuters<\/p>\n<\/div>\n<p data-start=\"1238\" data-end=\"1539\"><strong> Verstappen<\/strong>, que conquist\u00f3 cuatro t\u00edtulos mundiales consecutivos con<strong> Red Bull<\/strong>, destac\u00f3 que las conversaciones internas siempre se enfocaron en el desarrollo del auto. <strong>\u201cCuando dej\u00e1s de querer seguir en un equipo, dej\u00e1s de involucrarte. Y yo nunca dej\u00e9 de hablar sobre el coche y lo que podemos mejorar\u201d.<\/strong><\/p>\n<\/article>\n<article class=\"article-body article-body--remaining-paragraph content-protected-false\">\n<p data-start=\"1541\" data-end=\"1747\"> Sobre la posibilidad de nuevas especulaciones el pr\u00f3ximo a\u00f1o, el piloto fue cauto: \u201cSi me hac\u00e9s esa pregunta en 2026, puede ser. Pero yo prefiero enfocarme en el rendimiento, no en lo que dice mi contrato\u201d.<\/p>\n<h2>Un 2025 dif\u00edcil, pero con aprendizaje para Max Verstappen<\/h2>\n<p data-start=\"1792\" data-end=\"2185\">En cuanto a la temporada actual, <strong>Verstappen <\/strong>reconoce que las chances por el t\u00edtulo son limitadas ante el dominio de <strong>McLaren<\/strong> y el s\u00f3lido rendimiento de <strong>Oscar Piastri<\/strong>, l\u00edder del campeonato con 81 puntos de ventaja. Aun as\u00ed, no da por perdido el a\u00f1o: \u201cAunque no ganemos, podemos seguir aprendiendo del auto. Esa informaci\u00f3n es clave para arrancar con fuerza en 2026, con el cambio de reglamento\u201d.<\/p>\n<p data-start=\"2187\" data-end=\"2521\" data-is-last-node=\"\" data-is-only-node=\"\">Finalmente, con el futuro del neerland\u00e9s resuelto, ahora ser\u00e1 el turno de Mercedes para definir el destino de su alineaci\u00f3n de pilotos, donde <strong>George Russell<\/strong> y el joven <strong>Andrea Kimi Antonelli<\/strong> esperan una definici\u00f3n. La figura de <strong>Verstappen<\/strong>, por lo pronto, seguir\u00e1 ligada a<strong> Red Bull<\/strong> m\u00e1s all\u00e1 del recambio t\u00e9cnico que se avecina en la F1.<\/p>\n<\/article>\n<p>\t\t\t\t<!-- REGION4 } -->\n\t\t\t\t\t\t<\/div>\n<p><script>\n!function(f,b,e,v,n,t,s)\n{if(f.fbq)return;n=f.fbq=function(){n.callMethod?\nn.callMethod.apply(n,arguments):n.queue.push(arguments)};\nif(!f._fbq)f._fbq=n;n.push=n;n.loaded=!0;n.version='2.0';\nn.queue=[];t=b.createElement(e);t.async=!0;\nt.src=v;s=b.getElementsByTagName(e)[0];\ns.parentNode.insertBefore(t,s)}(window,document,'script',\n'https:\/\/connect.facebook.net\/en_US\/fbevents.js');\nfbq('init', '2047048335588113');\nfbq('track', 'PageView');\n<\/script><\/p>\n<p>Ambito.-<\/p>\n","protected":false},"excerpt":{"rendered":"<p>A pesar de los rumores que surgieron en las \u00faltimas semanas (incluso con menciones de contactos entre Mercedes y su entorno) el neerland\u00e9s dej\u00f3 en claro que su prioridad sigue siendo el trabajo con el equipo austr\u00edaco. @redbullracing Max Verstappen puso fin a las especulaciones y confirm\u00f3 que continuar\u00e1 en Red Bull al menos hasta [&hellip;]<\/p>\n","protected":false},"author":1,"featured_media":88309,"comment_status":"closed","ping_status":"","sticky":false,"template":"","format":"standard","meta":{"footnotes":""},"categories":[7],"tags":[],"class_list":{"0":"post-88298","1":"post","2":"type-post","3":"status-publish","4":"format-standard","5":"has-post-thumbnail","7":"category-deportes"},"_links":{"self":[{"href":"https:\/\/chacosintesis.com.ar\/index.php\/wp-json\/wp\/v2\/posts\/88298","targetHints":{"allow":["GET"]}}],"collection":[{"href":"https:\/\/chacosintesis.com.ar\/index.php\/wp-json\/wp\/v2\/posts"}],"about":[{"href":"https:\/\/chacosintesis.com.ar\/index.php\/wp-json\/wp\/v2\/types\/post"}],"author":[{"embeddable":true,"href":"https:\/\/chacosintesis.com.ar\/index.php\/wp-json\/wp\/v2\/users\/1"}],"replies":[{"embeddable":true,"href":"https:\/\/chacosintesis.com.ar\/index.php\/wp-json\/wp\/v2\/comments?post=88298"}],"version-history":[{"count":0,"href":"https:\/\/chacosintesis.com.ar\/index.php\/wp-json\/wp\/v2\/posts\/88298\/revisions"}],"wp:featuredmedia":[{"embeddable":true,"href":"https:\/\/chacosintesis.com.ar\/index.php\/wp-json\/wp\/v2\/media\/88309"}],"wp:attachment":[{"href":"https:\/\/chacosintesis.com.ar\/index.php\/wp-json\/wp\/v2\/media?parent=88298"}],"wp:term":[{"taxonomy":"category","embeddable":true,"href":"https:\/\/chacosintesis.com.ar\/index.php\/wp-json\/wp\/v2\/categories?post=88298"},{"taxonomy":"post_tag","embeddable":true,"href":"https:\/\/chacosintesis.com.ar\/index.php\/wp-json\/wp\/v2\/tags?post=88298"}],"curies":[{"name":"wp","href":"https:\/\/api.w.org\/{rel}","templated":true}]}}