{"id":70750,"date":"2025-07-02T14:08:53","date_gmt":"2025-07-02T17:08:53","guid":{"rendered":"https:\/\/chacosintesis.com.ar\/index.php\/leandro-paredes-quiere-llevar-a-boca-a-otro-campeon-del-mundo\/"},"modified":"2025-07-02T14:08:53","modified_gmt":"2025-07-02T17:08:53","slug":"leandro-paredes-quiere-llevar-a-boca-a-otro-campeon-del-mundo","status":"publish","type":"post","link":"https:\/\/chacosintesis.com.ar\/index.php\/leandro-paredes-quiere-llevar-a-boca-a-otro-campeon-del-mundo\/","title":{"rendered":"Leandro Paredes quiere llevar a Boca a otro campe\u00f3n del mundo"},"content":{"rendered":"<p><\/p>\n<div>\t\t<!-- { REGION4 --> <\/p>\n<header class=\"news-headline\">\n<h2 class=\"news-headline__article-summary\">\t\t<\/h2>\n<p class=\"ignore-parser\">El jugador de la Selecci\u00f3n argentina, que en los pr\u00f3ximos d\u00edas ser\u00e1 nuevo jugador de Boca, quiere llevarse al &#8220;Xeneize&#8221; a una estrella del f\u00fatbol europeo con \u00e9l.<\/p>\n<\/header>\n<div class=\"detail-highlighted-multimedia content-protected-false\">\n<figure class=\"detail-highlighted-multimedia__figure\">  <img loading=\"lazy\" loading=\"lazy\" decoding=\"async\" src=\"data:image\/gif;base64,R0lGODlhAQABAIAAAAAAAP\/\/\/ywAAAAAAQABAAACAUwAOw==\" fifu-lazy=\"1\" fifu-data-sizes=\"auto\" fifu-data-srcset=\"https:\/\/wp.fifu.app\/chacosintesis.com.ar\/aHR0cHM6Ly9jaGFjb3NpbnRlc2lzLmNvbS5hci93cC1jb250ZW50L3VwbG9hZHMvMjAyNS8wNy9MZWFuZHJvLVBhcmVkZXMtcXVpZXJlLWxsZXZhci1hLUJvY2EtYS1vdHJvLWNhbXBlb24tZGVsLnBuZw\/f9db205a3ff3\/leandro-paredes-quiere-llevar-a-boca-a-otro-campeon-del-mundo.webp?p=70750&w=75&h=0&c=0 75w, https:\/\/wp.fifu.app\/chacosintesis.com.ar\/aHR0cHM6Ly9jaGFjb3NpbnRlc2lzLmNvbS5hci93cC1jb250ZW50L3VwbG9hZHMvMjAyNS8wNy9MZWFuZHJvLVBhcmVkZXMtcXVpZXJlLWxsZXZhci1hLUJvY2EtYS1vdHJvLWNhbXBlb24tZGVsLnBuZw\/3b9dc224f02f\/leandro-paredes-quiere-llevar-a-boca-a-otro-campeon-del-mundo.webp?p=70750&w=100&h=0&c=0 100w, https:\/\/wp.fifu.app\/chacosintesis.com.ar\/aHR0cHM6Ly9jaGFjb3NpbnRlc2lzLmNvbS5hci93cC1jb250ZW50L3VwbG9hZHMvMjAyNS8wNy9MZWFuZHJvLVBhcmVkZXMtcXVpZXJlLWxsZXZhci1hLUJvY2EtYS1vdHJvLWNhbXBlb24tZGVsLnBuZw\/7613f6861f27\/leandro-paredes-quiere-llevar-a-boca-a-otro-campeon-del-mundo.webp?p=70750&w=150&h=0&c=0 150w, https:\/\/wp.fifu.app\/chacosintesis.com.ar\/aHR0cHM6Ly9jaGFjb3NpbnRlc2lzLmNvbS5hci93cC1jb250ZW50L3VwbG9hZHMvMjAyNS8wNy9MZWFuZHJvLVBhcmVkZXMtcXVpZXJlLWxsZXZhci1hLUJvY2EtYS1vdHJvLWNhbXBlb24tZGVsLnBuZw\/d381153a9df4\/leandro-paredes-quiere-llevar-a-boca-a-otro-campeon-del-mundo.webp?p=70750&w=240&h=0&c=0 240w, https:\/\/wp.fifu.app\/chacosintesis.com.ar\/aHR0cHM6Ly9jaGFjb3NpbnRlc2lzLmNvbS5hci93cC1jb250ZW50L3VwbG9hZHMvMjAyNS8wNy9MZWFuZHJvLVBhcmVkZXMtcXVpZXJlLWxsZXZhci1hLUJvY2EtYS1vdHJvLWNhbXBlb24tZGVsLnBuZw\/a0e2b7ccd9bc\/leandro-paredes-quiere-llevar-a-boca-a-otro-campeon-del-mundo.webp?p=70750&w=320&h=0&c=0 320w, https:\/\/wp.fifu.app\/chacosintesis.com.ar\/aHR0cHM6Ly9jaGFjb3NpbnRlc2lzLmNvbS5hci93cC1jb250ZW50L3VwbG9hZHMvMjAyNS8wNy9MZWFuZHJvLVBhcmVkZXMtcXVpZXJlLWxsZXZhci1hLUJvY2EtYS1vdHJvLWNhbXBlb24tZGVsLnBuZw\/5a91564610e3\/leandro-paredes-quiere-llevar-a-boca-a-otro-campeon-del-mundo.webp?p=70750&w=500&h=0&c=0 500w, https:\/\/wp.fifu.app\/chacosintesis.com.ar\/aHR0cHM6Ly9jaGFjb3NpbnRlc2lzLmNvbS5hci93cC1jb250ZW50L3VwbG9hZHMvMjAyNS8wNy9MZWFuZHJvLVBhcmVkZXMtcXVpZXJlLWxsZXZhci1hLUJvY2EtYS1vdHJvLWNhbXBlb24tZGVsLnBuZw\/ae3233b8a76a\/leandro-paredes-quiere-llevar-a-boca-a-otro-campeon-del-mundo.webp?p=70750&w=640&h=0&c=0 640w, https:\/\/wp.fifu.app\/chacosintesis.com.ar\/aHR0cHM6Ly9jaGFjb3NpbnRlc2lzLmNvbS5hci93cC1jb250ZW50L3VwbG9hZHMvMjAyNS8wNy9MZWFuZHJvLVBhcmVkZXMtcXVpZXJlLWxsZXZhci1hLUJvY2EtYS1vdHJvLWNhbXBlb24tZGVsLnBuZw\/b6a5b900e34e\/leandro-paredes-quiere-llevar-a-boca-a-otro-campeon-del-mundo.webp?p=70750&w=800&h=0&c=0 800w, https:\/\/wp.fifu.app\/chacosintesis.com.ar\/aHR0cHM6Ly9jaGFjb3NpbnRlc2lzLmNvbS5hci93cC1jb250ZW50L3VwbG9hZHMvMjAyNS8wNy9MZWFuZHJvLVBhcmVkZXMtcXVpZXJlLWxsZXZhci1hLUJvY2EtYS1vdHJvLWNhbXBlb24tZGVsLnBuZw\/9e5ff8599747\/leandro-paredes-quiere-llevar-a-boca-a-otro-campeon-del-mundo.webp?p=70750&w=1024&h=0&c=0 1024w, https:\/\/wp.fifu.app\/chacosintesis.com.ar\/aHR0cHM6Ly9jaGFjb3NpbnRlc2lzLmNvbS5hci93cC1jb250ZW50L3VwbG9hZHMvMjAyNS8wNy9MZWFuZHJvLVBhcmVkZXMtcXVpZXJlLWxsZXZhci1hLUJvY2EtYS1vdHJvLWNhbXBlb24tZGVsLnBuZw\/254b649d572a\/leandro-paredes-quiere-llevar-a-boca-a-otro-campeon-del-mundo.webp?p=70750&w=1280&h=0&c=0 1280w, https:\/\/wp.fifu.app\/chacosintesis.com.ar\/aHR0cHM6Ly9jaGFjb3NpbnRlc2lzLmNvbS5hci93cC1jb250ZW50L3VwbG9hZHMvMjAyNS8wNy9MZWFuZHJvLVBhcmVkZXMtcXVpZXJlLWxsZXZhci1hLUJvY2EtYS1vdHJvLWNhbXBlb24tZGVsLnBuZw\/607ad03abe93\/leandro-paredes-quiere-llevar-a-boca-a-otro-campeon-del-mundo.webp?p=70750&w=1600&h=0&c=0 1600w\" fifu-data-src=\"https:\/\/wp.fifu.app\/chacosintesis.com.ar\/aHR0cHM6Ly9jaGFjb3NpbnRlc2lzLmNvbS5hci93cC1jb250ZW50L3VwbG9hZHMvMjAyNS8wNy9MZWFuZHJvLVBhcmVkZXMtcXVpZXJlLWxsZXZhci1hLUJvY2EtYS1vdHJvLWNhbXBlb24tZGVsLnBuZw\/e131f77398eb\/leandro-paredes-quiere-llevar-a-boca-a-otro-campeon-del-mundo.webp?p=70750\" class=\"detail-highlighted-multimedia__figure-img img-fluid\" alt=\"Leandro Paredes quiere llevarse a Boca a otro campe\u00f3n del mundo\" width=\"655\" height=\"368\"\/><figcaption class=\"detail-highlighted-multimedia__figcaption\">  <\/figcaption><\/figure>\n<\/p><\/div>\n<article class=\"article-body article-body--first-paragraph content-protected-false\" data-td-script-src=\"https:\/\/www.ambito.com\/td\/modulos\/encuestas\/js\/function-embeds-min-version-1747541270.js\">\n<p><strong> Leandro Paredes <\/strong>va a ser nuevo jugador de <strong>Boca<\/strong> en este <strong>mercado de pases<\/strong>. Mientras se encuentra de vacaciones, lo \u00fanico que resta por resolver es su salida de la <strong>Roma.<\/strong><\/p>\n<\/article>\n<section class=\"suscription-false printed-edition\" style=\"display:none\">\n<p>El contenido al que quiere acceder es exclusivo para suscriptores.<\/p>\n<p>  <span> <button type=\"button\" name=\"button\" class=\"subscribe-btn mercadopago-btn\">suscribirse<\/button><\/span>  <span class=\"btns\"><button type=\"button\" name=\"button\" class=\"subscribe-btn reload-login\"> ya estoy suscripto<\/button><\/span>  <\/p>\n<\/section>\n<article class=\"article-body article-body--second-paragraph content-protected-false\">\n<p>En las \u00faltimas horas se conoci\u00f3 que <strong>Paredes<\/strong> se entren\u00f3 por su cuenta en el predio de la <strong>AFA.<\/strong> Pero no lo hizo solo, sino que lo acompa\u00f1\u00f3<strong> Paulo Dybala<\/strong>. El mediocampista y el delantero se muestran inseparables, tal es as\u00ed que el propio <strong>Paredes<\/strong> reconoci\u00f3 p\u00fablicamente en una entrevista que est\u00e1 haciendo un trabajo de hormiga para convencer al cordob\u00e9s de que venga a jugar a <strong>Boca<\/strong> tambi\u00e9n. <strong>&#8220;Me parece que me lo pongo en la mochila. Es de Boca Paulo&#8221;<\/strong>, asegur\u00f3.<\/p>\n<\/article>\n<section class=\"related-news\">\n<div class=\"row row--eq-height\">\n<div class=\"col-12 col-md-6\">\n<article class=\"news-article news-article--landscape-news news-article--landscape-news\">\n<figure class=\"news-article__figure figure\">\t\t<a href=\"https:\/\/www.ambito.com\/deportes\/que-falta-que-leandro-paredes-y-maxi-salas-lleguen-boca-y-river-n6161895\" target=\"\" title=\"\u00e1mbito.com | \u00bfQu\u00e9 falta para que Leandro Paredes y Maxi Salas lleguen a Boca y River?\" alt=\"\u00e1mbito.com | \u00bfQu\u00e9 falta para que Leandro Paredes y Maxi Salas lleguen a Boca y River?\" rel=\"noindex nofollow noreferrer\"><br \/>\n\t\t\t\t\t\t\t\t\t\t\t<img loading=\"lazy\" loading=\"lazy\" decoding=\"async\" src=\"data:image\/gif;base64,R0lGODlhAQABAIAAAAAAAP\/\/\/ywAAAAAAQABAAACAUwAOw==\" fifu-lazy=\"1\" fifu-data-sizes=\"auto\" fifu-data-srcset=\"https:\/\/wp.fifu.app\/chacosintesis.com.ar\/aHR0cHM6Ly9jaGFjb3NpbnRlc2lzLmNvbS5hci93cC1jb250ZW50L3VwbG9hZHMvMjAyNS8wNy8xNzUxNDc2MTMyXzU1NF9MZWFuZHJvLVBhcmVkZXMtcXVpZXJlLWxsZXZhci1hLUJvY2EtYS1vdHJvLWNhbXBlb24tZGVsLnBuZw\/9b5f02d803ed\/leandro-paredes-quiere-llevar-a-boca-a-otro-campeon-del-mundo.webp?p=70750&w=75&h=0&c=0 75w, https:\/\/wp.fifu.app\/chacosintesis.com.ar\/aHR0cHM6Ly9jaGFjb3NpbnRlc2lzLmNvbS5hci93cC1jb250ZW50L3VwbG9hZHMvMjAyNS8wNy8xNzUxNDc2MTMyXzU1NF9MZWFuZHJvLVBhcmVkZXMtcXVpZXJlLWxsZXZhci1hLUJvY2EtYS1vdHJvLWNhbXBlb24tZGVsLnBuZw\/db6425273c9c\/leandro-paredes-quiere-llevar-a-boca-a-otro-campeon-del-mundo.webp?p=70750&w=100&h=0&c=0 100w, https:\/\/wp.fifu.app\/chacosintesis.com.ar\/aHR0cHM6Ly9jaGFjb3NpbnRlc2lzLmNvbS5hci93cC1jb250ZW50L3VwbG9hZHMvMjAyNS8wNy8xNzUxNDc2MTMyXzU1NF9MZWFuZHJvLVBhcmVkZXMtcXVpZXJlLWxsZXZhci1hLUJvY2EtYS1vdHJvLWNhbXBlb24tZGVsLnBuZw\/5e7913c14a95\/leandro-paredes-quiere-llevar-a-boca-a-otro-campeon-del-mundo.webp?p=70750&w=150&h=0&c=0 150w, https:\/\/wp.fifu.app\/chacosintesis.com.ar\/aHR0cHM6Ly9jaGFjb3NpbnRlc2lzLmNvbS5hci93cC1jb250ZW50L3VwbG9hZHMvMjAyNS8wNy8xNzUxNDc2MTMyXzU1NF9MZWFuZHJvLVBhcmVkZXMtcXVpZXJlLWxsZXZhci1hLUJvY2EtYS1vdHJvLWNhbXBlb24tZGVsLnBuZw\/a1fab958115f\/leandro-paredes-quiere-llevar-a-boca-a-otro-campeon-del-mundo.webp?p=70750&w=240&h=0&c=0 240w, https:\/\/wp.fifu.app\/chacosintesis.com.ar\/aHR0cHM6Ly9jaGFjb3NpbnRlc2lzLmNvbS5hci93cC1jb250ZW50L3VwbG9hZHMvMjAyNS8wNy8xNzUxNDc2MTMyXzU1NF9MZWFuZHJvLVBhcmVkZXMtcXVpZXJlLWxsZXZhci1hLUJvY2EtYS1vdHJvLWNhbXBlb24tZGVsLnBuZw\/bd2d507b2ff0\/leandro-paredes-quiere-llevar-a-boca-a-otro-campeon-del-mundo.webp?p=70750&w=320&h=0&c=0 320w, https:\/\/wp.fifu.app\/chacosintesis.com.ar\/aHR0cHM6Ly9jaGFjb3NpbnRlc2lzLmNvbS5hci93cC1jb250ZW50L3VwbG9hZHMvMjAyNS8wNy8xNzUxNDc2MTMyXzU1NF9MZWFuZHJvLVBhcmVkZXMtcXVpZXJlLWxsZXZhci1hLUJvY2EtYS1vdHJvLWNhbXBlb24tZGVsLnBuZw\/63b665a5909a\/leandro-paredes-quiere-llevar-a-boca-a-otro-campeon-del-mundo.webp?p=70750&w=500&h=0&c=0 500w, https:\/\/wp.fifu.app\/chacosintesis.com.ar\/aHR0cHM6Ly9jaGFjb3NpbnRlc2lzLmNvbS5hci93cC1jb250ZW50L3VwbG9hZHMvMjAyNS8wNy8xNzUxNDc2MTMyXzU1NF9MZWFuZHJvLVBhcmVkZXMtcXVpZXJlLWxsZXZhci1hLUJvY2EtYS1vdHJvLWNhbXBlb24tZGVsLnBuZw\/1fae8feafb7e\/leandro-paredes-quiere-llevar-a-boca-a-otro-campeon-del-mundo.webp?p=70750&w=640&h=0&c=0 640w, https:\/\/wp.fifu.app\/chacosintesis.com.ar\/aHR0cHM6Ly9jaGFjb3NpbnRlc2lzLmNvbS5hci93cC1jb250ZW50L3VwbG9hZHMvMjAyNS8wNy8xNzUxNDc2MTMyXzU1NF9MZWFuZHJvLVBhcmVkZXMtcXVpZXJlLWxsZXZhci1hLUJvY2EtYS1vdHJvLWNhbXBlb24tZGVsLnBuZw\/6e790001468d\/leandro-paredes-quiere-llevar-a-boca-a-otro-campeon-del-mundo.webp?p=70750&w=800&h=0&c=0 800w, https:\/\/wp.fifu.app\/chacosintesis.com.ar\/aHR0cHM6Ly9jaGFjb3NpbnRlc2lzLmNvbS5hci93cC1jb250ZW50L3VwbG9hZHMvMjAyNS8wNy8xNzUxNDc2MTMyXzU1NF9MZWFuZHJvLVBhcmVkZXMtcXVpZXJlLWxsZXZhci1hLUJvY2EtYS1vdHJvLWNhbXBlb24tZGVsLnBuZw\/33da67d180ea\/leandro-paredes-quiere-llevar-a-boca-a-otro-campeon-del-mundo.webp?p=70750&w=1024&h=0&c=0 1024w, https:\/\/wp.fifu.app\/chacosintesis.com.ar\/aHR0cHM6Ly9jaGFjb3NpbnRlc2lzLmNvbS5hci93cC1jb250ZW50L3VwbG9hZHMvMjAyNS8wNy8xNzUxNDc2MTMyXzU1NF9MZWFuZHJvLVBhcmVkZXMtcXVpZXJlLWxsZXZhci1hLUJvY2EtYS1vdHJvLWNhbXBlb24tZGVsLnBuZw\/ec05efe10fa2\/leandro-paredes-quiere-llevar-a-boca-a-otro-campeon-del-mundo.webp?p=70750&w=1280&h=0&c=0 1280w, https:\/\/wp.fifu.app\/chacosintesis.com.ar\/aHR0cHM6Ly9jaGFjb3NpbnRlc2lzLmNvbS5hci93cC1jb250ZW50L3VwbG9hZHMvMjAyNS8wNy8xNzUxNDc2MTMyXzU1NF9MZWFuZHJvLVBhcmVkZXMtcXVpZXJlLWxsZXZhci1hLUJvY2EtYS1vdHJvLWNhbXBlb24tZGVsLnBuZw\/5479de86504d\/leandro-paredes-quiere-llevar-a-boca-a-otro-campeon-del-mundo.webp?p=70750&w=1600&h=0&c=0 1600w\" fifu-data-src=\"https:\/\/wp.fifu.app\/chacosintesis.com.ar\/aHR0cHM6Ly9jaGFjb3NpbnRlc2lzLmNvbS5hci93cC1jb250ZW50L3VwbG9hZHMvMjAyNS8wNy8xNzUxNDc2MTMyXzU1NF9MZWFuZHJvLVBhcmVkZXMtcXVpZXJlLWxsZXZhci1hLUJvY2EtYS1vdHJvLWNhbXBlb24tZGVsLnBuZw\/4f200a963127\/leandro-paredes-quiere-llevar-a-boca-a-otro-campeon-del-mundo.webp?p=70750\" alt=\"\u00bfQu\u00e9 falta para que Paredes y Salas lleguen a Boca y River?\" title=\"\u00bfQu\u00e9 falta para que Paredes y Salas lleguen a Boca y River?\" width=\"93\" height=\"52\" class=\"news-article__figure-img figure-img img-fluid\"\/>\t\t<\/a><\/figure>\n<\/article><\/div>\n<\/div>\n<\/section>\n<article class=\"article-body article-body--third-paragraph content-protected-false\">\n<div contenteditable=\"false\" class=\"embed_cont type_imagen\" id=\"8095590-Libre-1321364227_wrap\">\n<p>image.png <span onclick=\"parent.parent.TinyMCETdcuerpo.preview_embed('8095590-Libre-1321364227')\" class=\"embed_colapse less\" id=\"8095590-Libre-1321364227_colapse\"\/>  <span onclick=\"parent.parent.TinyMCETdcuerpo.delete_embed('8095590-Libre-1321364227')\" class=\"embed_delete less\" id=\"8095590-Libre-1321364227_delete\"\/><\/p>\n<div id=\"8095590-Libre-1321364227_content\" class=\"embed_content\"><img decoding=\"async\" src=\"data:image\/gif;base64,R0lGODlhAQABAIAAAAAAAP\/\/\/ywAAAAAAQABAAACAUwAOw==\" fifu-lazy=\"1\" fifu-data-sizes=\"auto\" fifu-data-srcset=\"https:\/\/wp.fifu.app\/chacosintesis.com.ar\/aHR0cHM6Ly9jaGFjb3NpbnRlc2lzLmNvbS5hci93cC1jb250ZW50L3VwbG9hZHMvMjAyNS8wNy8xNzUxNDc2MTMzXzI2N19MZWFuZHJvLVBhcmVkZXMtcXVpZXJlLWxsZXZhci1hLUJvY2EtYS1vdHJvLWNhbXBlb24tZGVsLnBuZw\/fbce6abacd4e\/leandro-paredes-quiere-llevar-a-boca-a-otro-campeon-del-mundo.webp?p=70750&w=75&h=0&c=0 75w, https:\/\/wp.fifu.app\/chacosintesis.com.ar\/aHR0cHM6Ly9jaGFjb3NpbnRlc2lzLmNvbS5hci93cC1jb250ZW50L3VwbG9hZHMvMjAyNS8wNy8xNzUxNDc2MTMzXzI2N19MZWFuZHJvLVBhcmVkZXMtcXVpZXJlLWxsZXZhci1hLUJvY2EtYS1vdHJvLWNhbXBlb24tZGVsLnBuZw\/9a273837cf06\/leandro-paredes-quiere-llevar-a-boca-a-otro-campeon-del-mundo.webp?p=70750&w=100&h=0&c=0 100w, https:\/\/wp.fifu.app\/chacosintesis.com.ar\/aHR0cHM6Ly9jaGFjb3NpbnRlc2lzLmNvbS5hci93cC1jb250ZW50L3VwbG9hZHMvMjAyNS8wNy8xNzUxNDc2MTMzXzI2N19MZWFuZHJvLVBhcmVkZXMtcXVpZXJlLWxsZXZhci1hLUJvY2EtYS1vdHJvLWNhbXBlb24tZGVsLnBuZw\/565046f53ce4\/leandro-paredes-quiere-llevar-a-boca-a-otro-campeon-del-mundo.webp?p=70750&w=150&h=0&c=0 150w, https:\/\/wp.fifu.app\/chacosintesis.com.ar\/aHR0cHM6Ly9jaGFjb3NpbnRlc2lzLmNvbS5hci93cC1jb250ZW50L3VwbG9hZHMvMjAyNS8wNy8xNzUxNDc2MTMzXzI2N19MZWFuZHJvLVBhcmVkZXMtcXVpZXJlLWxsZXZhci1hLUJvY2EtYS1vdHJvLWNhbXBlb24tZGVsLnBuZw\/e14b8483bad1\/leandro-paredes-quiere-llevar-a-boca-a-otro-campeon-del-mundo.webp?p=70750&w=240&h=0&c=0 240w, https:\/\/wp.fifu.app\/chacosintesis.com.ar\/aHR0cHM6Ly9jaGFjb3NpbnRlc2lzLmNvbS5hci93cC1jb250ZW50L3VwbG9hZHMvMjAyNS8wNy8xNzUxNDc2MTMzXzI2N19MZWFuZHJvLVBhcmVkZXMtcXVpZXJlLWxsZXZhci1hLUJvY2EtYS1vdHJvLWNhbXBlb24tZGVsLnBuZw\/715e4bde5fe7\/leandro-paredes-quiere-llevar-a-boca-a-otro-campeon-del-mundo.webp?p=70750&w=320&h=0&c=0 320w, https:\/\/wp.fifu.app\/chacosintesis.com.ar\/aHR0cHM6Ly9jaGFjb3NpbnRlc2lzLmNvbS5hci93cC1jb250ZW50L3VwbG9hZHMvMjAyNS8wNy8xNzUxNDc2MTMzXzI2N19MZWFuZHJvLVBhcmVkZXMtcXVpZXJlLWxsZXZhci1hLUJvY2EtYS1vdHJvLWNhbXBlb24tZGVsLnBuZw\/e8364ac9b2f9\/leandro-paredes-quiere-llevar-a-boca-a-otro-campeon-del-mundo.webp?p=70750&w=500&h=0&c=0 500w, https:\/\/wp.fifu.app\/chacosintesis.com.ar\/aHR0cHM6Ly9jaGFjb3NpbnRlc2lzLmNvbS5hci93cC1jb250ZW50L3VwbG9hZHMvMjAyNS8wNy8xNzUxNDc2MTMzXzI2N19MZWFuZHJvLVBhcmVkZXMtcXVpZXJlLWxsZXZhci1hLUJvY2EtYS1vdHJvLWNhbXBlb24tZGVsLnBuZw\/d77c1d3f977d\/leandro-paredes-quiere-llevar-a-boca-a-otro-campeon-del-mundo.webp?p=70750&w=640&h=0&c=0 640w, https:\/\/wp.fifu.app\/chacosintesis.com.ar\/aHR0cHM6Ly9jaGFjb3NpbnRlc2lzLmNvbS5hci93cC1jb250ZW50L3VwbG9hZHMvMjAyNS8wNy8xNzUxNDc2MTMzXzI2N19MZWFuZHJvLVBhcmVkZXMtcXVpZXJlLWxsZXZhci1hLUJvY2EtYS1vdHJvLWNhbXBlb24tZGVsLnBuZw\/3ad04f16910d\/leandro-paredes-quiere-llevar-a-boca-a-otro-campeon-del-mundo.webp?p=70750&w=800&h=0&c=0 800w, https:\/\/wp.fifu.app\/chacosintesis.com.ar\/aHR0cHM6Ly9jaGFjb3NpbnRlc2lzLmNvbS5hci93cC1jb250ZW50L3VwbG9hZHMvMjAyNS8wNy8xNzUxNDc2MTMzXzI2N19MZWFuZHJvLVBhcmVkZXMtcXVpZXJlLWxsZXZhci1hLUJvY2EtYS1vdHJvLWNhbXBlb24tZGVsLnBuZw\/f5c3cbd5175a\/leandro-paredes-quiere-llevar-a-boca-a-otro-campeon-del-mundo.webp?p=70750&w=1024&h=0&c=0 1024w, https:\/\/wp.fifu.app\/chacosintesis.com.ar\/aHR0cHM6Ly9jaGFjb3NpbnRlc2lzLmNvbS5hci93cC1jb250ZW50L3VwbG9hZHMvMjAyNS8wNy8xNzUxNDc2MTMzXzI2N19MZWFuZHJvLVBhcmVkZXMtcXVpZXJlLWxsZXZhci1hLUJvY2EtYS1vdHJvLWNhbXBlb24tZGVsLnBuZw\/34ebbc85ba50\/leandro-paredes-quiere-llevar-a-boca-a-otro-campeon-del-mundo.webp?p=70750&w=1280&h=0&c=0 1280w, https:\/\/wp.fifu.app\/chacosintesis.com.ar\/aHR0cHM6Ly9jaGFjb3NpbnRlc2lzLmNvbS5hci93cC1jb250ZW50L3VwbG9hZHMvMjAyNS8wNy8xNzUxNDc2MTMzXzI2N19MZWFuZHJvLVBhcmVkZXMtcXVpZXJlLWxsZXZhci1hLUJvY2EtYS1vdHJvLWNhbXBlb24tZGVsLnBuZw\/dbb28656ec06\/leandro-paredes-quiere-llevar-a-boca-a-otro-campeon-del-mundo.webp?p=70750&w=1600&h=0&c=0 1600w\" fifu-data-src=\"https:\/\/wp.fifu.app\/chacosintesis.com.ar\/aHR0cHM6Ly9jaGFjb3NpbnRlc2lzLmNvbS5hci93cC1jb250ZW50L3VwbG9hZHMvMjAyNS8wNy8xNzUxNDc2MTMzXzI2N19MZWFuZHJvLVBhcmVkZXMtcXVpZXJlLWxsZXZhci1hLUJvY2EtYS1vdHJvLWNhbXBlb24tZGVsLnBuZw\/061cfe756d17\/leandro-paredes-quiere-llevar-a-boca-a-otro-campeon-del-mundo.webp?p=70750\" alt=\"\" title=\"\" width=\"730\" height=\"undefined\" id=\"8095590-Libre-1321364227_embed\"\/><\/div>\n<\/p><\/div>\n<p>Cabe destacar que <strong>Dybala<\/strong> tiene contrato con la <strong>Roma<\/strong> de <strong>Italia<\/strong> hasta junio de <strong>2026,<\/strong> es decir que seguir\u00e1 en <strong>Europa<\/strong> hasta el <strong>Mundial<\/strong> del a\u00f1o pr\u00f3ximo. Pero a partir de la temporada <strong>2026\/27 <\/strong>su destino podr\u00eda cambiar abruptamente y podr\u00eda darse su vuelta al <strong>f\u00fatbol argentino<\/strong>, si as\u00ed \u00e9l lo decide.<\/p>\n<\/article>\n<article class=\"article-body article-body--fourth-paragraph content-protected-false\">\n<p>A pesar que alguna vez <strong>Dybala<\/strong> ha reconocido su simpat\u00eda por <strong>Boca,<\/strong> tambi\u00e9n hay que tener en cuenta que su esposa <strong>Oriana Sabatini <\/strong>y toda la familia de ella son fan\u00e1ticos de <strong>River,<\/strong> por lo que el cordob\u00e9s tendr\u00eda una disyuntiva por delante.<\/p>\n<\/article>\n<article class=\"article-body article-body--remaining-paragraph content-protected-false\">    <\/article>\n<p>\t\t\t\t<!-- REGION4 } -->\n\t\t\t\t\t\t<\/div>\n<p><script>\n!function(f,b,e,v,n,t,s)\n{if(f.fbq)return;n=f.fbq=function(){n.callMethod?\nn.callMethod.apply(n,arguments):n.queue.push(arguments)};\nif(!f._fbq)f._fbq=n;n.push=n;n.loaded=!0;n.version='2.0';\nn.queue=[];t=b.createElement(e);t.async=!0;\nt.src=v;s=b.getElementsByTagName(e)[0];\ns.parentNode.insertBefore(t,s)}(window,document,'script',\n'https:\/\/connect.facebook.net\/en_US\/fbevents.js');\nfbq('init', '2047048335588113');\nfbq('track', 'PageView');\n<\/script><\/p>\n<p>Ambito.-<\/p>\n","protected":false},"excerpt":{"rendered":"<p>El jugador de la Selecci\u00f3n argentina, que en los pr\u00f3ximos d\u00edas ser\u00e1 nuevo jugador de Boca, quiere llevarse al &#8220;Xeneize&#8221; a una estrella del f\u00fatbol europeo con \u00e9l. Leandro Paredes va a ser nuevo jugador de Boca en este mercado de pases. Mientras se encuentra de vacaciones, lo \u00fanico que resta por resolver es su [&hellip;]<\/p>\n","protected":false},"author":1,"featured_media":70761,"comment_status":"closed","ping_status":"","sticky":false,"template":"","format":"standard","meta":{"footnotes":""},"categories":[7],"tags":[],"class_list":{"0":"post-70750","1":"post","2":"type-post","3":"status-publish","4":"format-standard","5":"has-post-thumbnail","7":"category-deportes"},"_links":{"self":[{"href":"https:\/\/chacosintesis.com.ar\/index.php\/wp-json\/wp\/v2\/posts\/70750","targetHints":{"allow":["GET"]}}],"collection":[{"href":"https:\/\/chacosintesis.com.ar\/index.php\/wp-json\/wp\/v2\/posts"}],"about":[{"href":"https:\/\/chacosintesis.com.ar\/index.php\/wp-json\/wp\/v2\/types\/post"}],"author":[{"embeddable":true,"href":"https:\/\/chacosintesis.com.ar\/index.php\/wp-json\/wp\/v2\/users\/1"}],"replies":[{"embeddable":true,"href":"https:\/\/chacosintesis.com.ar\/index.php\/wp-json\/wp\/v2\/comments?post=70750"}],"version-history":[{"count":0,"href":"https:\/\/chacosintesis.com.ar\/index.php\/wp-json\/wp\/v2\/posts\/70750\/revisions"}],"wp:featuredmedia":[{"embeddable":true,"href":"https:\/\/chacosintesis.com.ar\/index.php\/wp-json\/wp\/v2\/media\/70761"}],"wp:attachment":[{"href":"https:\/\/chacosintesis.com.ar\/index.php\/wp-json\/wp\/v2\/media?parent=70750"}],"wp:term":[{"taxonomy":"category","embeddable":true,"href":"https:\/\/chacosintesis.com.ar\/index.php\/wp-json\/wp\/v2\/categories?post=70750"},{"taxonomy":"post_tag","embeddable":true,"href":"https:\/\/chacosintesis.com.ar\/index.php\/wp-json\/wp\/v2\/tags?post=70750"}],"curies":[{"name":"wp","href":"https:\/\/api.w.org\/{rel}","templated":true}]}}