{"id":655,"date":"2018-11-14T11:20:49","date_gmt":"2018-11-14T11:20:49","guid":{"rendered":"https:\/\/chacosintesis.com.ar\/?p=655"},"modified":"2018-11-14T11:20:49","modified_gmt":"2018-11-14T11:20:49","slug":"se-realizara-la-audiencia-publica-para-tratar-la-tarifa-del-transporte-urbano-de-pasajeros","status":"publish","type":"post","link":"https:\/\/chacosintesis.com.ar\/index.php\/se-realizara-la-audiencia-publica-para-tratar-la-tarifa-del-transporte-urbano-de-pasajeros\/","title":{"rendered":"Se realizar\u00e1 la audiencia p\u00fablica para tratar la tarifa del Transporte Urbano de Pasajeros"},"content":{"rendered":"<p style=\"font-weight: 400;\">La Municipalidad de Presidencia Roque S\u00e1enz Pe\u00f1a convoca a\u00a0Audiencia\u00a0P\u00fablica, a realizarse el d\u00eda 30 de noviembre de 2018 a las 20:00 horas en el Sal\u00f3n Ben\u00edtez, situado en Mariano Moreno N\u00b0 801 (calle 14 esquina 17) centro de esta Ciudad.<\/p>\n<p style=\"font-weight: 400;\">El motivo de la convocatoria es tratar las variaciones en los valores del pasaje y las condiciones generales que brinda el servicio de Transporte P\u00fablico de Pasajeros, modalidad \u00d3mnibus, Empresa San Roque SRL.<\/p>\n<p style=\"font-weight: 400;\">Los interesados en participar en la\u00a0Audiencia\u00a0P\u00fablica, podr\u00e1n inscribirse en la oficina de la Subsecretar\u00eda de Prevenci\u00f3n Ciudadana &#8211; Direcci\u00f3n de Tr\u00e1nsito, sito en calle 15\u00a0\u00a0entre 10 y 12 del centro, de 08:00 a 12:00\u00a0\u00a0y de 18:00 a 20:00 horas. La misma ser\u00e1 presidida por el subsecretario de Inspecci\u00f3n General, Miguel Llobet.<\/p>\n<p style=\"font-weight: 400;\">El registro de participantes funcionar\u00e1 desde la fecha de publicaci\u00f3n del llamado a Audiencia P\u00fablica\u00a0<strong>y finalizar\u00e1 48 horas antes de la realizaci\u00f3n de la misma<\/strong>. La inscripci\u00f3n al Registro ser\u00e1 libre y gratuita y podr\u00e1 inscribirse en el mismo toda persona f\u00edsica o jur\u00eddica, privada o\u00a0p\u00fablica, que invocare intereses particulares, difusos o colectivos relacionados con el tema a tratarse. Si el postulante a inscribirse fuera una organizaci\u00f3n, \u00e9sta podr\u00e1 intervenir como parte a trav\u00e9s de un representante o delegado nombrado a estos efectos.<\/p>\n","protected":false},"excerpt":{"rendered":"<p>La Municipalidad de Presidencia Roque S\u00e1enz Pe\u00f1a convoca a\u00a0Audiencia\u00a0P\u00fablica, a realizarse el d\u00eda 30 de noviembre de 2018 a las 20:00 horas en el Sal\u00f3n Ben\u00edtez, situado en Mariano Moreno N\u00b0 801 (calle 14 esquina 17) centro de esta Ciudad. El motivo de la convocatoria es tratar las variaciones en los valores del pasaje y [&hellip;]<\/p>\n","protected":false},"author":1,"featured_media":656,"comment_status":"open","ping_status":"open","sticky":false,"template":"","format":"standard","meta":{"footnotes":""},"categories":[3],"tags":[60],"class_list":{"0":"post-655","1":"post","2":"type-post","3":"status-publish","4":"format-standard","5":"has-post-thumbnail","7":"category-saenz-pena","8":"tag-featured"},"_links":{"self":[{"href":"https:\/\/chacosintesis.com.ar\/index.php\/wp-json\/wp\/v2\/posts\/655","targetHints":{"allow":["GET"]}}],"collection":[{"href":"https:\/\/chacosintesis.com.ar\/index.php\/wp-json\/wp\/v2\/posts"}],"about":[{"href":"https:\/\/chacosintesis.com.ar\/index.php\/wp-json\/wp\/v2\/types\/post"}],"author":[{"embeddable":true,"href":"https:\/\/chacosintesis.com.ar\/index.php\/wp-json\/wp\/v2\/users\/1"}],"replies":[{"embeddable":true,"href":"https:\/\/chacosintesis.com.ar\/index.php\/wp-json\/wp\/v2\/comments?post=655"}],"version-history":[{"count":0,"href":"https:\/\/chacosintesis.com.ar\/index.php\/wp-json\/wp\/v2\/posts\/655\/revisions"}],"wp:featuredmedia":[{"embeddable":true,"href":"https:\/\/chacosintesis.com.ar\/index.php\/wp-json\/wp\/v2\/media\/656"}],"wp:attachment":[{"href":"https:\/\/chacosintesis.com.ar\/index.php\/wp-json\/wp\/v2\/media?parent=655"}],"wp:term":[{"taxonomy":"category","embeddable":true,"href":"https:\/\/chacosintesis.com.ar\/index.php\/wp-json\/wp\/v2\/categories?post=655"},{"taxonomy":"post_tag","embeddable":true,"href":"https:\/\/chacosintesis.com.ar\/index.php\/wp-json\/wp\/v2\/tags?post=655"}],"curies":[{"name":"wp","href":"https:\/\/api.w.org\/{rel}","templated":true}]}}