{"id":34372,"date":"2024-05-01T16:30:00","date_gmt":"2024-05-01T19:30:00","guid":{"rendered":"https:\/\/chacosintesis.com.ar\/?p=34372"},"modified":"2024-06-03T21:34:46","modified_gmt":"2024-06-04T00:34:46","slug":"hospital-pediatrico-el-gobernador-se-acerco-a-saludar-a-los-trabajadores","status":"publish","type":"post","link":"https:\/\/chacosintesis.com.ar\/index.php\/hospital-pediatrico-el-gobernador-se-acerco-a-saludar-a-los-trabajadores\/","title":{"rendered":"Hospital Pedi\u00e1trico: el gobernador se acerc\u00f3 a saludar a los trabajadores"},"content":{"rendered":"\n<h4 class=\"wp-block-heading\">El gobernador Leandro Zdero se acerc\u00f3 este 1\u00b0 de mayo, D\u00eda del Trabajador, a saludar al personal de la Guardia del Hospital Pedi\u00e1trico \u201cDr. Avelino Castel\u00e1n\u201d, acompa\u00f1ado del ministro de Salud, Dr. Sergio Rodriguez; el subsecretario Rafael Meneses y de la subsecretaria de Trabajo, Noel Ibarra.<\/h4>\n\n\n\n<figure class=\"wp-block-embed is-type-video is-provider-youtube wp-block-embed-youtube wp-embed-aspect-16-9 wp-has-aspect-ratio\"><div class=\"wp-block-embed__wrapper\">\n<iframe loading=\"lazy\" title=\"HOSPITAL PEDI\u00c1TRICO: EL GOBERNADOR SE ACERC\u00d3 A SALUDAR A LOS TRABAJADORES\" width=\"1170\" height=\"658\" src=\"https:\/\/www.youtube.com\/embed\/KJ0GfPVhZg8?feature=oembed\" frameborder=\"0\" allow=\"accelerometer; autoplay; clipboard-write; encrypted-media; gyroscope; picture-in-picture; web-share\" referrerpolicy=\"strict-origin-when-cross-origin\" allowfullscreen><\/iframe>\n<\/div><\/figure>\n\n\n\n<p>\u201cHemos llegado, en reconocimiento a ellos; porque hoy al igual como tantos trabajadores est\u00e1n en sus puestos, en las Comisar\u00edas, en los Hospitales, en los Centros de Salud, ac\u00e1 en el Pedi\u00e1trico y en muchos lugares; por eso, quer\u00edamos venir a saludarlos en nombre de todos los chaque\u00f1os, del gobierno provincial, por el esfuerzo que hacen d\u00eda a d\u00eda y en nombre de ellos a todos los trabajadores\u201d- indic\u00f3.<\/p>\n\n\n\n<p><br>El Gobernador dialog\u00f3 con los m\u00e9dicos, enfermeras y valor\u00f3 la tarea tit\u00e1nica que realiza el personal de Salud a diario. \u201cNuestro reconocimiento a todos los trabajadores, una vez m\u00e1s, porque de la mano del trabajo se dignifica, se sale adelante y porque somos una provincia que puede; sumando esfuerzo y haciendo bien las cosas trabajamos por un presente y un futuro mejor para el Chaco\u201d- a\u00f1adi\u00f3.\u00a0<\/p>\n\n\n\n<p><br>Por su parte, el ministro de Salud, Sergio Rodr\u00edguez manifest\u00f3: \u201cMe parece un gran gesto, es un abrazo al alma, una caricia al alma para todos aquellos que hoy est\u00e1n cumpliendo sus funciones independientemente del rol que cumplen dentro de su puesto de trabajo\u201d. Tambi\u00e9n, la subsecretaria de Trabajo del Chaco, Noel Ibarra remarc\u00f3: \u201cEs un reconocimiento a todos los trabajadores de la provincia y especialmente hoy a Salud, que est\u00e1 ac\u00e1 presente, como cada feriado y fin de semana largo; al igual que muchos otros tantos trabajadores en toda la provincia, en esta fecha importante\u201d.<\/p>\n\n\n\n<p><strong>DIRECTORA DEL PEDI\u00c1TRICO: \u201cES UNA CARICIA AL ALMA, NOS RECONFORTA Y DAN GANAS DE SEGUIR TRABAJANDO\u201d<\/strong><\/p>\n\n\n\n<p><strong><br><\/strong>Sobre la visita del Gobernador, esta ma\u00f1ana, la directora del Hospital Pedi\u00e1trico Dra. Alicia Michelini remarc\u00f3: \u201cQue venga el gobernador y nos salude, es una caricia al alma. Ustedes saben que este hospital tiene mucho de familia, que trabajamos en conjunto, por eso el tema de que venga y vea el esfuerzo que hace cada uno todos los d\u00edas en su puesto de trabajo, ya sea el m\u00e9dico, el enfermero, el kinesi\u00f3logo, los operarios que est\u00e1n en la cocina o que est\u00e1n en el lavadero, bueno, obviamente que reconforta, dan ganas de seguir trabajando y nos llena de fuerzas\u201d.<\/p>\n\n\n\n<p><\/p>\n","protected":false},"excerpt":{"rendered":"<p>El gobernador Leandro Zdero se acerc\u00f3 este 1\u00b0 de mayo, D\u00eda del Trabajador, a saludar al personal de la Guardia del Hospital Pedi\u00e1trico \u201cDr. Avelino Castel\u00e1n\u201d, acompa\u00f1ado del ministro de Salud, Dr. Sergio Rodriguez; el subsecretario Rafael Meneses y de la subsecretaria de Trabajo, Noel Ibarra. \u201cHemos llegado, en reconocimiento a ellos; porque hoy al [&hellip;]<\/p>\n","protected":false},"author":1,"featured_media":34373,"comment_status":"closed","ping_status":"closed","sticky":false,"template":"","format":"standard","meta":{"footnotes":""},"categories":[6],"tags":[],"class_list":{"0":"post-34372","1":"post","2":"type-post","3":"status-publish","4":"format-standard","5":"has-post-thumbnail","7":"category-chaco"},"_links":{"self":[{"href":"https:\/\/chacosintesis.com.ar\/index.php\/wp-json\/wp\/v2\/posts\/34372","targetHints":{"allow":["GET"]}}],"collection":[{"href":"https:\/\/chacosintesis.com.ar\/index.php\/wp-json\/wp\/v2\/posts"}],"about":[{"href":"https:\/\/chacosintesis.com.ar\/index.php\/wp-json\/wp\/v2\/types\/post"}],"author":[{"embeddable":true,"href":"https:\/\/chacosintesis.com.ar\/index.php\/wp-json\/wp\/v2\/users\/1"}],"replies":[{"embeddable":true,"href":"https:\/\/chacosintesis.com.ar\/index.php\/wp-json\/wp\/v2\/comments?post=34372"}],"version-history":[{"count":0,"href":"https:\/\/chacosintesis.com.ar\/index.php\/wp-json\/wp\/v2\/posts\/34372\/revisions"}],"wp:featuredmedia":[{"embeddable":true,"href":"https:\/\/chacosintesis.com.ar\/index.php\/wp-json\/wp\/v2\/media\/34373"}],"wp:attachment":[{"href":"https:\/\/chacosintesis.com.ar\/index.php\/wp-json\/wp\/v2\/media?parent=34372"}],"wp:term":[{"taxonomy":"category","embeddable":true,"href":"https:\/\/chacosintesis.com.ar\/index.php\/wp-json\/wp\/v2\/categories?post=34372"},{"taxonomy":"post_tag","embeddable":true,"href":"https:\/\/chacosintesis.com.ar\/index.php\/wp-json\/wp\/v2\/tags?post=34372"}],"curies":[{"name":"wp","href":"https:\/\/api.w.org\/{rel}","templated":true}]}}