{"id":34176,"date":"2024-05-29T11:23:02","date_gmt":"2024-05-29T14:23:02","guid":{"rendered":"http:\/\/chacosintesis.com.ar\/?p=34176"},"modified":"2024-05-29T11:23:42","modified_gmt":"2024-05-29T14:23:42","slug":"un-motociclista-murio-tras-protagonizar-un-siniestro-vial-en-villa-angela","status":"publish","type":"post","link":"https:\/\/chacosintesis.com.ar\/index.php\/un-motociclista-murio-tras-protagonizar-un-siniestro-vial-en-villa-angela\/","title":{"rendered":"Un motociclista muri\u00f3 tras protagonizar un siniestro vial en Villa \u00c1ngela"},"content":{"rendered":"<div class=\"postie-post\">Un motociclista perdi\u00f3 la vida durante la noche del martes, tras protagonizar un siniestro vial en la intersecci\u00f3n de la Ruta Nacional N\u00b095 y avenida Bittel, en Villa \u00c1ngela.<br \/>\nFuentes policiales informaron que el hecho ocurri\u00f3 alrededor de las 23.10 e involucr\u00f3 a una motocicleta Yamaha SZ de150cc, conducida por un hombre de 56 a\u00f1os.<br \/>\nEl informe del siniestro indica que el conductor perdi\u00f3 el control de la moto por causas que se est\u00e1n investigando y por ese motivo termin\u00f3 cayendo sobre el asfalto.<br \/>\nUna ambulancia lleg\u00f3 r\u00e1pidamente al lugar y traslad\u00f3 al hombre herido de gravedad al hospital local, pero a las pocas horas perdi\u00f3 la vida.<\/div>\n","protected":false},"excerpt":{"rendered":"<p>Un motociclista perdi\u00f3 la vida durante la noche del martes, tras protagonizar un siniestro vial en la intersecci\u00f3n de la Ruta Nacional N\u00b095 y avenida Bittel, en Villa \u00c1ngela. Fuentes policiales informaron que el hecho ocurri\u00f3 alrededor de las 23.10 e involucr\u00f3 a una motocicleta Yamaha SZ de150cc, conducida por un hombre de 56 a\u00f1os. [&hellip;]<\/p>\n","protected":false},"author":1,"featured_media":34177,"comment_status":"closed","ping_status":"closed","sticky":false,"template":"","format":"standard","meta":{"footnotes":""},"categories":[6],"tags":[],"class_list":{"0":"post-34176","1":"post","2":"type-post","3":"status-publish","4":"format-standard","5":"has-post-thumbnail","7":"category-chaco"},"_links":{"self":[{"href":"https:\/\/chacosintesis.com.ar\/index.php\/wp-json\/wp\/v2\/posts\/34176","targetHints":{"allow":["GET"]}}],"collection":[{"href":"https:\/\/chacosintesis.com.ar\/index.php\/wp-json\/wp\/v2\/posts"}],"about":[{"href":"https:\/\/chacosintesis.com.ar\/index.php\/wp-json\/wp\/v2\/types\/post"}],"author":[{"embeddable":true,"href":"https:\/\/chacosintesis.com.ar\/index.php\/wp-json\/wp\/v2\/users\/1"}],"replies":[{"embeddable":true,"href":"https:\/\/chacosintesis.com.ar\/index.php\/wp-json\/wp\/v2\/comments?post=34176"}],"version-history":[{"count":0,"href":"https:\/\/chacosintesis.com.ar\/index.php\/wp-json\/wp\/v2\/posts\/34176\/revisions"}],"wp:featuredmedia":[{"embeddable":true,"href":"https:\/\/chacosintesis.com.ar\/index.php\/wp-json\/wp\/v2\/media\/34177"}],"wp:attachment":[{"href":"https:\/\/chacosintesis.com.ar\/index.php\/wp-json\/wp\/v2\/media?parent=34176"}],"wp:term":[{"taxonomy":"category","embeddable":true,"href":"https:\/\/chacosintesis.com.ar\/index.php\/wp-json\/wp\/v2\/categories?post=34176"},{"taxonomy":"post_tag","embeddable":true,"href":"https:\/\/chacosintesis.com.ar\/index.php\/wp-json\/wp\/v2\/tags?post=34176"}],"curies":[{"name":"wp","href":"https:\/\/api.w.org\/{rel}","templated":true}]}}