{"id":34144,"date":"2024-05-29T09:18:01","date_gmt":"2024-05-29T12:18:01","guid":{"rendered":"https:\/\/chacosintesis.com.ar\/?p=34144"},"modified":"2024-05-29T09:22:12","modified_gmt":"2024-05-29T12:22:12","slug":"santiago-perez-pons-la-mayoria-de-los-policias-y-enfermeros-estan-por-debajo-de-la-linea-de-pobreza","status":"publish","type":"post","link":"https:\/\/chacosintesis.com.ar\/index.php\/santiago-perez-pons-la-mayoria-de-los-policias-y-enfermeros-estan-por-debajo-de-la-linea-de-pobreza\/","title":{"rendered":"Santiago P\u00e9rez Pons: &#8220;La mayor\u00eda de los polic\u00edas y enfermeros est\u00e1n por debajo de la l\u00ednea de pobreza&#8221;"},"content":{"rendered":"<div class=\"postie-post\">El diputado del Frente Chaque\u00f1o se refiri\u00f3 a la situaci\u00f3n salarial y asegur\u00f3 que &#8220;a los salarios hay que contenerlos&#8221;.<\/p>\n<p>El diputado del Frente Chaque\u00f1o, Santiago P\u00e9rez Pons, se refiri\u00f3 a la situaci\u00f3n salarial de los miembros de las fuerzas y del personal sanitario. &#8220;Son los dos sectores m\u00e1s afectados por la pol\u00edtica salarial de ajuste que lleva adelante el gobernador Leandro Zdero&#8221;, asegur\u00f3.<br \/>\nSeg\u00fan el legislador, la Polic\u00eda est\u00e1 por debajo de la canasta b\u00e1sica y son los m\u00e1s afectados &#8220;por la falta de iniciativa del gobernador Zdero en materia salarial&#8221;.<br \/>\n Por su parte, los uniformados registraron un aumento del 80%, desde diciembre del 2023 a mayo del 2024, y el legislador argument\u00f3 que &#8220;no estar\u00eda mal si la inflaci\u00f3n en ese periodo no superara el 110%&#8221;.<br \/>\nAsimismo, advirti\u00f3 que &#8220;los salarios promedios de los agentes son proporcionales hoy al sesenta por ciento de la canasta b\u00e1sica, que es lo m\u00ednimo que una familia debe ganar para no considerarse por debajo del \u00edndice de la pobreza&#8221;.<br \/>\nTambi\u00e9n dijo que &#8220;a finales del 2023, un agente de las fuerzas de seguridad sin antig\u00fcedad, percib\u00eda un salario equivalente entre el 95% y 100% de la canasta b\u00e1sica total del hogar, gracias a una pauta general, la modificaci\u00f3n de la bonificaci\u00f3n de Asignaci\u00f3n por Vivienda y el otorgamiento del Refrigerio al personal del escalaf\u00f3n Seguridad&#8221;.<br \/>\nAdem\u00e1s, P\u00e9rez Pons explic\u00f3 que en mayo el salario de un agente ser\u00e1 de $ 440.000, incluyendo el refrigerio y asegur\u00f3 que representa &#8220;el 60% de la canasta b\u00e1sica del hogar&#8221;.<br \/>\n&#8220;Los salarios hay que contenerlos, a las familias hay que cuidarlas, no solamente para la foto, sino con acciones concretas. El Gobierno en campa\u00f1a habl\u00f3 de revalorizar a las fuerzas, y hoy les pagan sueldos vergonzosos con los que llegan a cubrir el 15 de cada mes&#8221;, cuestion\u00f3 el economista.<br \/>\nPor otra parte, el legislador se refiri\u00f3 a la situaci\u00f3n de los enfermeros y de los administrativos de salud y asegur\u00f3 que &#8220;es a\u00fan peor&#8221;.  Tambi\u00e9n habl\u00f3 del personal m\u00e9dico, de enfermer\u00eda y residentes que seg\u00fan \u00e9l &#8220;se encuentran 40 puntos por debajo de la inflaci\u00f3n&#8221;. Adem\u00e1s, expres\u00f3 que no llegan a cubrir la canasta b\u00e1sica total porque &#8220;est\u00e1n todos por debajo de la l\u00ednea de pobreza&#8221;.<br \/>\n&#8220;No tenemos hoy en Chaco una pol\u00edtica que busque cuidar el bolsillo de la gente. Los laburantes la est\u00e1n pasando mal, mientras los funcionarios no paran de aumentarse el sueldo. Hablaron de mejorar el sueldo y no cumplieron, obras no est\u00e1n haciendo, e insumos no se compran. La gente se pregunta cu\u00e1ndo van a arrancar a gobernar&#8221;, manifest\u00f3.<br \/>\n&#8220;El gobernador congel\u00f3 el refrigerio de los trabajadores p\u00fablicos, suspendiendo los adicionales y las horas extras. Esto afecta notablemente los ingresos de las familias. Es de un grado de falta de sensibilidad total&#8221;, concluy\u00f3 el diputado.<\/p><\/div>\n","protected":false},"excerpt":{"rendered":"<p>El diputado del Frente Chaque\u00f1o se refiri\u00f3 a la situaci\u00f3n salarial y asegur\u00f3 que &#8220;a los salarios hay que contenerlos&#8221;. El diputado del Frente Chaque\u00f1o, Santiago P\u00e9rez Pons, se refiri\u00f3 a la situaci\u00f3n salarial de los miembros de las fuerzas y del personal sanitario. &#8220;Son los dos sectores m\u00e1s afectados por la pol\u00edtica salarial de [&hellip;]<\/p>\n","protected":false},"author":1,"featured_media":34145,"comment_status":"closed","ping_status":"closed","sticky":false,"template":"","format":"standard","meta":{"footnotes":""},"categories":[6],"tags":[],"class_list":{"0":"post-34144","1":"post","2":"type-post","3":"status-publish","4":"format-standard","5":"has-post-thumbnail","7":"category-chaco"},"_links":{"self":[{"href":"https:\/\/chacosintesis.com.ar\/index.php\/wp-json\/wp\/v2\/posts\/34144","targetHints":{"allow":["GET"]}}],"collection":[{"href":"https:\/\/chacosintesis.com.ar\/index.php\/wp-json\/wp\/v2\/posts"}],"about":[{"href":"https:\/\/chacosintesis.com.ar\/index.php\/wp-json\/wp\/v2\/types\/post"}],"author":[{"embeddable":true,"href":"https:\/\/chacosintesis.com.ar\/index.php\/wp-json\/wp\/v2\/users\/1"}],"replies":[{"embeddable":true,"href":"https:\/\/chacosintesis.com.ar\/index.php\/wp-json\/wp\/v2\/comments?post=34144"}],"version-history":[{"count":0,"href":"https:\/\/chacosintesis.com.ar\/index.php\/wp-json\/wp\/v2\/posts\/34144\/revisions"}],"wp:featuredmedia":[{"embeddable":true,"href":"https:\/\/chacosintesis.com.ar\/index.php\/wp-json\/wp\/v2\/media\/34145"}],"wp:attachment":[{"href":"https:\/\/chacosintesis.com.ar\/index.php\/wp-json\/wp\/v2\/media?parent=34144"}],"wp:term":[{"taxonomy":"category","embeddable":true,"href":"https:\/\/chacosintesis.com.ar\/index.php\/wp-json\/wp\/v2\/categories?post=34144"},{"taxonomy":"post_tag","embeddable":true,"href":"https:\/\/chacosintesis.com.ar\/index.php\/wp-json\/wp\/v2\/tags?post=34144"}],"curies":[{"name":"wp","href":"https:\/\/api.w.org\/{rel}","templated":true}]}}