{"id":34124,"date":"2024-05-28T19:25:53","date_gmt":"2024-05-28T22:25:53","guid":{"rendered":"http:\/\/chacosintesis.com.ar\/?p=34124"},"modified":"2024-05-28T19:28:09","modified_gmt":"2024-05-28T22:28:09","slug":"presentaron-las-primeras-jornadas-provinciales-de-derecho-municipal-y-politicas-publicas-que-se-realizaran-en-saenz-pena","status":"publish","type":"post","link":"https:\/\/chacosintesis.com.ar\/index.php\/presentaron-las-primeras-jornadas-provinciales-de-derecho-municipal-y-politicas-publicas-que-se-realizaran-en-saenz-pena\/","title":{"rendered":"Presentaron las Primeras Jornadas Provinciales de Derecho Municipal y Pol\u00edticas P\u00fablicas que se realizar\u00e1n en S\u00e1enz Pe\u00f1a"},"content":{"rendered":"<div class=\"postie-post\">Los d\u00edas viernes 7 y s\u00e1bado 8 de junio, en el Hotel Gualok, se realizar\u00e1n las Jornadas de Derecho Municipal y Pol\u00edticas P\u00fablicas, organizadas en forma conjunta entre la Municipalidad de Presidencia Roque S\u00e1enz Pe\u00f1a y el Gobierno Provincial.<\/p>\n<p>Se contar\u00e1 con la presencia de doctrinarios Nacionales y Provinciales del Derecho Municipal y Pol\u00ectcas P\u00fablicas  quienes expondr\u00e1n sobre Autonom\u00eda Municipal, Tributos Municipales, Empleo P\u00fablico, Seguridad vial municipal, Derecho Ambiental Municipal, Tribunal de Faltas Municipal, Acto Administrativo Municipal, Acci\u00f3n de Lesividad, Control Externo Municipal, Derecho del Consumidor en los Municipios del Chaco, Carta Org\u00e1nica Municipal, entre otros temas relevantes y de gran actualidad en los gobiernos locales. Es la primera vez que se da esta formaci\u00f3n en el interior del pa\u00eds y se cuenta con la colaboraci\u00f3n de la Fiscal\u00eda de Investigaciones Administrativas, Tribunal de Cuentas de la Provincia y el Colegio de Abogados de la II Circunscripci\u00f3n Judicial.<\/p>\n<p>En conferencia de prensa,  el secretario de Legal y T\u00e9cnica Doctor Hugo Boland, el subsecretario Doctor Julio Garc\u00eda Municipalidad y la Doctora Florencia \u00c1vila vicepresidente del Colegio de Abogados &#8220;II Circunscripci\u00f3n&#8221; presentaron a la comunidad las Jornadas Provinciales de Derecho Municipal y Pol\u00edticas P\u00fablicas, que se realizar\u00e1n en el Hotel  Gualok el pr\u00f3ximo viernes 7 y s\u00e1bado 8 de junio. En este sentido, el subsecretario de Legal y T\u00e9cnica, Julio Garc\u00eda, explic\u00f3 que &#8220;el municipalismo es una corriente que no tiene retroceso, es lo que se est\u00e1 imponiendo y tiene un desarrollo notable tanto en la doctrina como en la jurisprudencia&#8221;.<\/p>\n<p> El Municipio y el Colegio de Abogados &#8220;II Circunscripci\u00f3n&#8221; iniciaron un trabajo con una tarea encaminada y en los \u00faltimos tiempos las Universidades del pa\u00eds tomaron el desaf\u00edo de capacitar en este tema. En estas jornadas estar\u00e1n presentes la doctora Gabriela \u00c1valos, quien es Decana en la Universidad de Mendoza y titular de Derecho Municipal en la Universidad de Buenos Aires (UBA);  Rodolfo Comadida, autor doctrinario sobre actos administrativos municipales; y Nestor Loza, reconocido profesional  y autor del libro de Derecho de Falta Municipal.<\/p>\n<p> &#8220;Tenemos un amplio, interesante e in\u00e9dito marco de trabajo por el Derecho Municipal  y Pol\u00edticas P\u00fablicas. Este es el paso previo de lo que ser\u00e1 el Congreso que se realizar\u00e1 en 2025&#8221;,  finaliz\u00f3  el funcionario municipal.<\/p>\n<p>El doctor Hugo Boland detall\u00f3 que lo  que se busca con el Derecho Municipal es conocer lo que realmente se necesita para profesionalizar, tanto a asesores legales, jueces de falta y a funcionarios que puedan estar presentes en esas fechas.<\/p>\n<p> Por su parte la Doctora \u00c1vila coment\u00f3 que se tratar\u00e1n temas que corresponden a Justicia Tributaria, Tribunal de Faltas, al empleo p\u00fablico; &#8220;ser\u00e1 un interesante momento podemos tener esos d\u00edas para permitir la profesionalizaci\u00f3n de los integrantes de las distintas municipalidades&#8221;.<\/p>\n<p>Los interesados pueden inscribirse en el siguiente link:https:\/\/forms.gle\/7AeewLuRfuaN56jRA. Cabe mencionar que la capacitaci\u00f3n ser\u00e1 de car\u00e1cter presencial para los abogados de la provincia del Chaco y virtual para los de provincias vecinas.<\/p><\/div>\n","protected":false},"excerpt":{"rendered":"<p>Los d\u00edas viernes 7 y s\u00e1bado 8 de junio, en el Hotel Gualok, se realizar\u00e1n las Jornadas de Derecho Municipal y Pol\u00edticas P\u00fablicas, organizadas en forma conjunta entre la Municipalidad de Presidencia Roque S\u00e1enz Pe\u00f1a y el Gobierno Provincial. Se contar\u00e1 con la presencia de doctrinarios Nacionales y Provinciales del Derecho Municipal y Pol\u00ectcas P\u00fablicas [&hellip;]<\/p>\n","protected":false},"author":1,"featured_media":34125,"comment_status":"closed","ping_status":"closed","sticky":false,"template":"","format":"standard","meta":{"footnotes":""},"categories":[6],"tags":[],"class_list":{"0":"post-34124","1":"post","2":"type-post","3":"status-publish","4":"format-standard","5":"has-post-thumbnail","7":"category-chaco"},"_links":{"self":[{"href":"https:\/\/chacosintesis.com.ar\/index.php\/wp-json\/wp\/v2\/posts\/34124","targetHints":{"allow":["GET"]}}],"collection":[{"href":"https:\/\/chacosintesis.com.ar\/index.php\/wp-json\/wp\/v2\/posts"}],"about":[{"href":"https:\/\/chacosintesis.com.ar\/index.php\/wp-json\/wp\/v2\/types\/post"}],"author":[{"embeddable":true,"href":"https:\/\/chacosintesis.com.ar\/index.php\/wp-json\/wp\/v2\/users\/1"}],"replies":[{"embeddable":true,"href":"https:\/\/chacosintesis.com.ar\/index.php\/wp-json\/wp\/v2\/comments?post=34124"}],"version-history":[{"count":0,"href":"https:\/\/chacosintesis.com.ar\/index.php\/wp-json\/wp\/v2\/posts\/34124\/revisions"}],"wp:featuredmedia":[{"embeddable":true,"href":"https:\/\/chacosintesis.com.ar\/index.php\/wp-json\/wp\/v2\/media\/34125"}],"wp:attachment":[{"href":"https:\/\/chacosintesis.com.ar\/index.php\/wp-json\/wp\/v2\/media?parent=34124"}],"wp:term":[{"taxonomy":"category","embeddable":true,"href":"https:\/\/chacosintesis.com.ar\/index.php\/wp-json\/wp\/v2\/categories?post=34124"},{"taxonomy":"post_tag","embeddable":true,"href":"https:\/\/chacosintesis.com.ar\/index.php\/wp-json\/wp\/v2\/tags?post=34124"}],"curies":[{"name":"wp","href":"https:\/\/api.w.org\/{rel}","templated":true}]}}