{"id":34097,"date":"2024-05-28T10:51:57","date_gmt":"2024-05-28T13:51:57","guid":{"rendered":"https:\/\/chacosintesis.com.ar\/?p=34097"},"modified":"2024-05-28T10:52:16","modified_gmt":"2024-05-28T13:52:16","slug":"video-se-hizo-el-milagro-el-nino-m-paso-a-sala-comun-y-ya-respira-solo","status":"publish","type":"post","link":"https:\/\/chacosintesis.com.ar\/index.php\/video-se-hizo-el-milagro-el-nino-m-paso-a-sala-comun-y-ya-respira-solo\/","title":{"rendered":"VIDEO | Se hizo el milagro: el &#8220;ni\u00f1o M&#8221; pas\u00f3 a sala com\u00fan y ya respira solo"},"content":{"rendered":"<div class=\"postie-post\">El menor de dos a\u00f1os que habr\u00eda sido brutalmente maltratado en el seno familiar, se recupera en \u00f3ptimas condiciones y ya sali\u00f3 de Terapia Intensiva.<br \/>\n<iframe loading=\"lazy\" title=\"NGFEDERAL - HABLA EL PAP\u00c1 DEL NENE DE 2 A\u00d1OS GOLPEADO - CHACO\" width=\"1170\" height=\"658\" src=\"https:\/\/www.youtube.com\/embed\/MRyA-_ZDOGw?feature=oembed\" frameborder=\"0\" allow=\"accelerometer; autoplay; clipboard-write; encrypted-media; gyroscope; picture-in-picture; web-share\" referrerpolicy=\"strict-origin-when-cross-origin\" allowfullscreen><\/iframe><br \/>\nEl ni\u00f1o &#8220;M&#8221; evoluciona favorablemente y fue trasladado a sala com\u00fan, comenzar\u00e1 a alimentarse y ya no contar\u00e1 con todos los aparatos hospitalarios que lo conectaban a la vida.<\/p>\n<p>As\u00ed lo expres\u00f3 una m\u00e9dica del hospital Pedi\u00e1trico, para traer paz a la poblaci\u00f3n, luego de conocerse el maltrato infantil que sufri\u00f3 hace dos semanas aproximadamente.<\/p>\n<p>El caso del menor se hizo eco en toda la provincia y a nivel nacional, por la gravedad que present\u00f3 respecto a las lesiones que fueron materia de investigaci\u00f3n y detenci\u00f3n de la madre y su pareja.<\/p>\n<p>Diario22.ar<\/p><\/div>\n","protected":false},"excerpt":{"rendered":"<p>El menor de dos a\u00f1os que habr\u00eda sido brutalmente maltratado en el seno familiar, se recupera en \u00f3ptimas condiciones y ya sali\u00f3 de Terapia Intensiva. El ni\u00f1o &#8220;M&#8221; evoluciona favorablemente y fue trasladado a sala com\u00fan, comenzar\u00e1 a alimentarse y ya no contar\u00e1 con todos los aparatos hospitalarios que lo conectaban a la vida. As\u00ed [&hellip;]<\/p>\n","protected":false},"author":1,"featured_media":34098,"comment_status":"closed","ping_status":"closed","sticky":false,"template":"","format":"standard","meta":{"footnotes":""},"categories":[6],"tags":[],"class_list":{"0":"post-34097","1":"post","2":"type-post","3":"status-publish","4":"format-standard","5":"has-post-thumbnail","7":"category-chaco"},"_links":{"self":[{"href":"https:\/\/chacosintesis.com.ar\/index.php\/wp-json\/wp\/v2\/posts\/34097","targetHints":{"allow":["GET"]}}],"collection":[{"href":"https:\/\/chacosintesis.com.ar\/index.php\/wp-json\/wp\/v2\/posts"}],"about":[{"href":"https:\/\/chacosintesis.com.ar\/index.php\/wp-json\/wp\/v2\/types\/post"}],"author":[{"embeddable":true,"href":"https:\/\/chacosintesis.com.ar\/index.php\/wp-json\/wp\/v2\/users\/1"}],"replies":[{"embeddable":true,"href":"https:\/\/chacosintesis.com.ar\/index.php\/wp-json\/wp\/v2\/comments?post=34097"}],"version-history":[{"count":0,"href":"https:\/\/chacosintesis.com.ar\/index.php\/wp-json\/wp\/v2\/posts\/34097\/revisions"}],"wp:featuredmedia":[{"embeddable":true,"href":"https:\/\/chacosintesis.com.ar\/index.php\/wp-json\/wp\/v2\/media\/34098"}],"wp:attachment":[{"href":"https:\/\/chacosintesis.com.ar\/index.php\/wp-json\/wp\/v2\/media?parent=34097"}],"wp:term":[{"taxonomy":"category","embeddable":true,"href":"https:\/\/chacosintesis.com.ar\/index.php\/wp-json\/wp\/v2\/categories?post=34097"},{"taxonomy":"post_tag","embeddable":true,"href":"https:\/\/chacosintesis.com.ar\/index.php\/wp-json\/wp\/v2\/tags?post=34097"}],"curies":[{"name":"wp","href":"https:\/\/api.w.org\/{rel}","templated":true}]}}