{"id":34093,"date":"2024-05-28T10:30:38","date_gmt":"2024-05-28T13:30:38","guid":{"rendered":"http:\/\/chacosintesis.com.ar\/?p=34093"},"modified":"2024-05-28T10:32:13","modified_gmt":"2024-05-28T13:32:13","slug":"el-28-de-mayo-se-celebra-el-dia-de-los-jardines-de-infantes-y-de-la-maestra-jardinera","status":"publish","type":"post","link":"https:\/\/chacosintesis.com.ar\/index.php\/el-28-de-mayo-se-celebra-el-dia-de-los-jardines-de-infantes-y-de-la-maestra-jardinera\/","title":{"rendered":"El 28 de mayo se celebra el D\u00eda de los Jardines de Infantes y de la Maestra Jardinera"},"content":{"rendered":"<div class=\"postie-post\">Esta fecha especial conmemora el fallecimiento de Rosario Vera Pe\u00f1aloza, quien fuera una pionera de la educaci\u00f3n inicial en Argentina.<br \/>\nDedic\u00f3 su vida a la ense\u00f1anza y dej\u00f3 una huella imborrable en la formaci\u00f3n de miles de ni\u00f1os.<br \/>\nEn su honor, se instituy\u00f3 este d\u00eda para reconocer la importancia de la educaci\u00f3n en la primera infancia y homenajear a las maestras jardineras por su invaluable labor.<\/p>\n<p>\u00bfPor qu\u00e9 es importante la educaci\u00f3n en la primera infancia?<br \/>\n La educaci\u00f3n en la primera infancia es fundamental para el desarrollo integral de los ni\u00f1os. En esta etapa se sientan las bases para el aprendizaje, el pensamiento, la creatividad y las habilidades sociales que les permitir\u00e1n desenvolverse en el futuro.<br \/>\nLos jardines de infantes brindan un espacio seguro y estimulante donde los ni\u00f1os pueden aprender jugando, explorar su entorno, desarrollar sus habilidades y construir relaciones con otros.<\/p><\/div>\n","protected":false},"excerpt":{"rendered":"<p>Esta fecha especial conmemora el fallecimiento de Rosario Vera Pe\u00f1aloza, quien fuera una pionera de la educaci\u00f3n inicial en Argentina. Dedic\u00f3 su vida a la ense\u00f1anza y dej\u00f3 una huella imborrable en la formaci\u00f3n de miles de ni\u00f1os. En su honor, se instituy\u00f3 este d\u00eda para reconocer la importancia de la educaci\u00f3n en la primera [&hellip;]<\/p>\n","protected":false},"author":1,"featured_media":34094,"comment_status":"closed","ping_status":"closed","sticky":false,"template":"","format":"standard","meta":{"footnotes":""},"categories":[6],"tags":[],"class_list":{"0":"post-34093","1":"post","2":"type-post","3":"status-publish","4":"format-standard","5":"has-post-thumbnail","7":"category-chaco"},"_links":{"self":[{"href":"https:\/\/chacosintesis.com.ar\/index.php\/wp-json\/wp\/v2\/posts\/34093","targetHints":{"allow":["GET"]}}],"collection":[{"href":"https:\/\/chacosintesis.com.ar\/index.php\/wp-json\/wp\/v2\/posts"}],"about":[{"href":"https:\/\/chacosintesis.com.ar\/index.php\/wp-json\/wp\/v2\/types\/post"}],"author":[{"embeddable":true,"href":"https:\/\/chacosintesis.com.ar\/index.php\/wp-json\/wp\/v2\/users\/1"}],"replies":[{"embeddable":true,"href":"https:\/\/chacosintesis.com.ar\/index.php\/wp-json\/wp\/v2\/comments?post=34093"}],"version-history":[{"count":0,"href":"https:\/\/chacosintesis.com.ar\/index.php\/wp-json\/wp\/v2\/posts\/34093\/revisions"}],"wp:featuredmedia":[{"embeddable":true,"href":"https:\/\/chacosintesis.com.ar\/index.php\/wp-json\/wp\/v2\/media\/34094"}],"wp:attachment":[{"href":"https:\/\/chacosintesis.com.ar\/index.php\/wp-json\/wp\/v2\/media?parent=34093"}],"wp:term":[{"taxonomy":"category","embeddable":true,"href":"https:\/\/chacosintesis.com.ar\/index.php\/wp-json\/wp\/v2\/categories?post=34093"},{"taxonomy":"post_tag","embeddable":true,"href":"https:\/\/chacosintesis.com.ar\/index.php\/wp-json\/wp\/v2\/tags?post=34093"}],"curies":[{"name":"wp","href":"https:\/\/api.w.org\/{rel}","templated":true}]}}