{"id":34077,"date":"2024-05-28T08:17:49","date_gmt":"2024-05-28T11:17:49","guid":{"rendered":"http:\/\/chacosintesis.com.ar\/?p=34077"},"modified":"2024-05-28T08:22:12","modified_gmt":"2024-05-28T11:22:12","slug":"en-algunos-lugares-de-chaco-la-termica-llego-a-3-grados-hasta-cuando-seguira-el-frio","status":"publish","type":"post","link":"https:\/\/chacosintesis.com.ar\/index.php\/en-algunos-lugares-de-chaco-la-termica-llego-a-3-grados-hasta-cuando-seguira-el-frio\/","title":{"rendered":"En algunos lugares de Chaco la t\u00e9rmica lleg\u00f3 a -3 grados: Hasta cuando seguir\u00e1 el fr\u00edo"},"content":{"rendered":"<div class=\"postie-post\">La ciudad de S\u00e1enz Pe\u00f1a volvi\u00f3 a registrar un nuevo r\u00e9cord de fr\u00edo en la jornada de este martes, con temperaturas bajo cero a las 7:00<br \/>\nEn Campo Largo la t\u00e9rmica a las 8 de la ma\u00f1ana era de -1\u00b0.<br \/>\nPasadas las 7:00, en la ciudad de Resistencia se registraban 2.6 \u00b0C de temperatura, pero la sensaci\u00f3n t\u00e9rmica bajaba a 0 \u00b0C.<br \/>\n A esa misma hora, la ciudad termal ya marcaba -1.6 \u00b0C y la t\u00e9rmica era de -3.7 \u00b0C. El cielo despejado, potenci\u00f3 el fr\u00edo y el registro de heladas, en numerosas localidades del interior, principalmente en zona rural y periurbana.<br \/>\nDesde el mi\u00e9rcoles la temperatura ir\u00e1 en ascenso hasta llegar al s\u00e1bado con una m\u00e1xima de 27 grados y buen tiempo en general.<\/div>\n","protected":false},"excerpt":{"rendered":"<p>La ciudad de S\u00e1enz Pe\u00f1a volvi\u00f3 a registrar un nuevo r\u00e9cord de fr\u00edo en la jornada de este martes, con temperaturas bajo cero a las 7:00 En Campo Largo la t\u00e9rmica a las 8 de la ma\u00f1ana era de -1\u00b0. Pasadas las 7:00, en la ciudad de Resistencia se registraban 2.6 \u00b0C de temperatura, pero [&hellip;]<\/p>\n","protected":false},"author":1,"featured_media":34078,"comment_status":"closed","ping_status":"closed","sticky":false,"template":"","format":"standard","meta":{"footnotes":""},"categories":[6],"tags":[],"class_list":{"0":"post-34077","1":"post","2":"type-post","3":"status-publish","4":"format-standard","5":"has-post-thumbnail","7":"category-chaco"},"_links":{"self":[{"href":"https:\/\/chacosintesis.com.ar\/index.php\/wp-json\/wp\/v2\/posts\/34077","targetHints":{"allow":["GET"]}}],"collection":[{"href":"https:\/\/chacosintesis.com.ar\/index.php\/wp-json\/wp\/v2\/posts"}],"about":[{"href":"https:\/\/chacosintesis.com.ar\/index.php\/wp-json\/wp\/v2\/types\/post"}],"author":[{"embeddable":true,"href":"https:\/\/chacosintesis.com.ar\/index.php\/wp-json\/wp\/v2\/users\/1"}],"replies":[{"embeddable":true,"href":"https:\/\/chacosintesis.com.ar\/index.php\/wp-json\/wp\/v2\/comments?post=34077"}],"version-history":[{"count":0,"href":"https:\/\/chacosintesis.com.ar\/index.php\/wp-json\/wp\/v2\/posts\/34077\/revisions"}],"wp:featuredmedia":[{"embeddable":true,"href":"https:\/\/chacosintesis.com.ar\/index.php\/wp-json\/wp\/v2\/media\/34078"}],"wp:attachment":[{"href":"https:\/\/chacosintesis.com.ar\/index.php\/wp-json\/wp\/v2\/media?parent=34077"}],"wp:term":[{"taxonomy":"category","embeddable":true,"href":"https:\/\/chacosintesis.com.ar\/index.php\/wp-json\/wp\/v2\/categories?post=34077"},{"taxonomy":"post_tag","embeddable":true,"href":"https:\/\/chacosintesis.com.ar\/index.php\/wp-json\/wp\/v2\/tags?post=34077"}],"curies":[{"name":"wp","href":"https:\/\/api.w.org\/{rel}","templated":true}]}}