{"id":34068,"date":"2024-05-27T20:36:46","date_gmt":"2024-05-27T23:36:46","guid":{"rendered":"https:\/\/chacosintesis.com.ar\/?p=34068"},"modified":"2024-05-27T20:37:57","modified_gmt":"2024-05-27T23:37:57","slug":"aumento-de-luz-la-defensoria-del-pueblo-solicito-al-ejecutivo-provincial-medidas-para-proteger-a-los-usuarios-chaquenos","status":"publish","type":"post","link":"https:\/\/chacosintesis.com.ar\/index.php\/aumento-de-luz-la-defensoria-del-pueblo-solicito-al-ejecutivo-provincial-medidas-para-proteger-a-los-usuarios-chaquenos\/","title":{"rendered":"Aumento de luz: La Defensor\u00eda del Pueblo solicit\u00f3 al Ejecutivo provincial \u201cmedidas para proteger a los usuarios chaque\u00f1os\u201d"},"content":{"rendered":"<div class=\"postie-post\">El organismo plante\u00f3 la \u201cnecesidad de tomar medidas de protecci\u00f3n a los usuarios y de educarlos en el uso eficiente de la energ\u00eda, frente al aumento desmedido y desproporcionado de la tarifa\u201d.<\/p>\n<p>La Defensor\u00eda del Pueblo solicit\u00f3 al Poder Ejecutivo Provincial una serie de medidas para proteger a los usuarios chaque\u00f1os \u201cfrente al aumento desmedido y desproporcionado de la tarifa de la energ\u00eda el\u00e9ctrica, por decisiones del gobierno nacional pocos claras que plantean por un lado una recategorizaci\u00f3n de usuarios y una reducci\u00f3n dr\u00e1stica de subsidios, que implican la implementaci\u00f3n de nuevos y extraordinarios aumentos\u201d.<br \/>\nEl organismo sostiene que el \u201calto costo de la energ\u00eda el\u00e9ctrica ha impactado gravemente en la econom\u00eda de muchas familias chaque\u00f1as, dificultando el acceso a un servicio esencial para la vida diaria y el bienestar general\u201d. Plante\u00f3 que esta situaci\u00f3n se agrava en el contexto de la actual crisis econ\u00f3mica, que ha reducido significativamente la capacidad de pago de los ciudadanos, incrementando el riesgo de cortes de suministro que afectan directamente su calidad de vida.<br \/>\n\u201cEntendemos que este aumento disparatado y exorbitante, contrario a los criterios de gradualidad, proporcionalidad y razonabilidad, no corresponden a SECHEEP, pero sin embargo se traslada a los usuarios chaque\u00f1os estas medidas tomadas desde la Secretar\u00eda de Energ\u00eda de Naci\u00f3n que no tienen en cuenta la realidad de nuestra provincia y sus ciudadanos\u201d, manifest\u00f3 Bernardo Voloj.<br \/>\nFrente a la preocupaci\u00f3n creciente de los usuarios se han pedido se adopten las siguientes medidas:<br \/>\nRevisi\u00f3n de las boletas de los periodos de abril y mayo que en muchos casos triplica al del periodo anterior.<br \/>\nLa implementaci\u00f3n de una tarifa social provincial m\u00e1s amplia que la existente, incrementando los kilovatios-hora (kWh) subsidiados y ampliando el universo de beneficiarios.<br \/>\nLa creaci\u00f3n de un sistema provincial de segmentaci\u00f3n para determinar con mayor precisi\u00f3n los usuarios que requieran una mayor cobertura de beneficios para afrontar los costos de la energ\u00eda el\u00e9ctrica.<br \/>\nLa realizaci\u00f3n de campa\u00f1as urgentes y masivas sobre el uso racional y eficiente de la energ\u00eda.<br \/>\nSe arbitren las medidas necesarias para postergar los avisos de corte de servicio, extendiendo el plazo de treinta d\u00edas a sesenta d\u00edas, e instando a que los cortes se realicen \u00fanicamente con dos facturas impagas, no con una, considerando los recientes incrementos en las tarifas.<br \/>\nSe respete el beneficio para los clubes deportivos y entidades civiles, asegurando que estas instituciones puedan continuar sus actividades sin verse excesivamente afectadas por los costos de la energ\u00eda el\u00e9ctrica.<br \/>\nNo se haga el corte de servicio a las personas electrodependientes bajo ninguna circunstancia.<br \/>\n\u201cReconocemos acciones como el control de las conexiones ilegales y las medidas paliativas que se vienen tomando en la provincia como las facilidades de pago que SECHEEP ofrece, pero entendemos que la compleja situaci\u00f3n econ\u00f3mica amerita respuestas mucho m\u00e1s flexibles y adecuadas con la capacidad financiera y patrimonial de los usuarios y usuarias del servicio de energ\u00eda el\u00e9ctrica del Chaco. El acceso a la energ\u00eda el\u00e9ctrica no es un lujo, es un derecho humano fundamental reconocido por la Corte Suprema de Justicia de la Naci\u00f3n donde estableci\u00f3 que los aumentos tarifarios no pueden ser confiscatorios ni afectar el derecho a la vivienda digna ni el acceso a los servicios esenciales. A la hora de tomar decisiones sobre las tarifas en servicios esenciales hay que tener en cuenta la delicada situaci\u00f3n econ\u00f3mica de gran parte de la poblaci\u00f3n, sobre todo en un marco de creciente endeudamiento e incumplimiento de los planes de pago\u201d, se\u00f1al\u00f3 Voloj<br \/>\nEn tanto, convoc\u00f3 a las personas tienen dudas sobre el valor de su factura y que necesitan inscribirse para mantener su subsidio y recategorizarse a acercarse a la Defensor\u00eda del Pueblo del Chaco para asesorarse y ver su situaci\u00f3n particular.<\/p><\/div>\n","protected":false},"excerpt":{"rendered":"<p>El organismo plante\u00f3 la \u201cnecesidad de tomar medidas de protecci\u00f3n a los usuarios y de educarlos en el uso eficiente de la energ\u00eda, frente al aumento desmedido y desproporcionado de la tarifa\u201d. La Defensor\u00eda del Pueblo solicit\u00f3 al Poder Ejecutivo Provincial una serie de medidas para proteger a los usuarios chaque\u00f1os \u201cfrente al aumento desmedido [&hellip;]<\/p>\n","protected":false},"author":1,"featured_media":34069,"comment_status":"closed","ping_status":"closed","sticky":false,"template":"","format":"standard","meta":{"footnotes":""},"categories":[6],"tags":[],"class_list":{"0":"post-34068","1":"post","2":"type-post","3":"status-publish","4":"format-standard","5":"has-post-thumbnail","7":"category-chaco"},"_links":{"self":[{"href":"https:\/\/chacosintesis.com.ar\/index.php\/wp-json\/wp\/v2\/posts\/34068","targetHints":{"allow":["GET"]}}],"collection":[{"href":"https:\/\/chacosintesis.com.ar\/index.php\/wp-json\/wp\/v2\/posts"}],"about":[{"href":"https:\/\/chacosintesis.com.ar\/index.php\/wp-json\/wp\/v2\/types\/post"}],"author":[{"embeddable":true,"href":"https:\/\/chacosintesis.com.ar\/index.php\/wp-json\/wp\/v2\/users\/1"}],"replies":[{"embeddable":true,"href":"https:\/\/chacosintesis.com.ar\/index.php\/wp-json\/wp\/v2\/comments?post=34068"}],"version-history":[{"count":0,"href":"https:\/\/chacosintesis.com.ar\/index.php\/wp-json\/wp\/v2\/posts\/34068\/revisions"}],"wp:featuredmedia":[{"embeddable":true,"href":"https:\/\/chacosintesis.com.ar\/index.php\/wp-json\/wp\/v2\/media\/34069"}],"wp:attachment":[{"href":"https:\/\/chacosintesis.com.ar\/index.php\/wp-json\/wp\/v2\/media?parent=34068"}],"wp:term":[{"taxonomy":"category","embeddable":true,"href":"https:\/\/chacosintesis.com.ar\/index.php\/wp-json\/wp\/v2\/categories?post=34068"},{"taxonomy":"post_tag","embeddable":true,"href":"https:\/\/chacosintesis.com.ar\/index.php\/wp-json\/wp\/v2\/tags?post=34068"}],"curies":[{"name":"wp","href":"https:\/\/api.w.org\/{rel}","templated":true}]}}