{"id":34061,"date":"2024-05-27T12:34:22","date_gmt":"2024-05-27T15:34:22","guid":{"rendered":"https:\/\/chacosintesis.com.ar\/?p=34061"},"modified":"2024-05-27T12:37:22","modified_gmt":"2024-05-27T15:37:22","slug":"que-dijo-el-hermano-de-erica-torrez-en-la-marcha-realizada-en-charata","status":"publish","type":"post","link":"https:\/\/chacosintesis.com.ar\/index.php\/que-dijo-el-hermano-de-erica-torrez-en-la-marcha-realizada-en-charata\/","title":{"rendered":"Qu\u00e9 dijo el hermano de \u00c9rica Torrez en la marcha realizada en Charata"},"content":{"rendered":"<div class=\"postie-post\">El hermano de \u00c9rica Torrez, encabez\u00f3 la marcha convocada en Charata, donde reside. A\u00fan conmocionado pidi\u00f3 justicia y respuestas al Gobierno.<\/p>\n<p>La marcha, convocada en Charata, en la Plaza San Mart\u00edn, para pedir justicia por el feminicidio de \u00c9rica Torrez, cont\u00f3 con la participaci\u00f3n de su familia, uno de sus hermanos, Ram\u00f3n Torres, acompa\u00f1ado de muchos docentes y la comunidad, cont\u00f3 c\u00f3mo vive la familia, en especial los dos hijos y el marido de la docente.<\/p>\n<p>&#8220;Realmente estamos mal, mal, la familia en general. Tengo dos sobrinos maravillosos que quedaron hu\u00e9rfanos, mi cu\u00f1ado, la familia en general, mi madre tiene 87 a\u00f1os, la familia en general, somos dos hermanos nosotros, Soy de las Bre\u00f1as que hace 30 a\u00f1os vivo en Charata, pero estamos destrozados, yo le dec\u00eda a mi esposa que no veo la hora que sea el lunes para estar en actividad en mi trabajo, para ver si me puedo concentrar y todo ha sido un sufrimiento de la familia en general&#8221; , manifest\u00f3.<\/p>\n<p>Ram\u00f3n cuenta que recibi\u00f3 una llamada el viernes, de parte de otro hermano, que le ped\u00eda que fuera a Las Bre\u00f1as, porque \u00c9rica hab\u00eda tenido un accidente. &#8220;Pero, a los cinco minutos me llama, y me dice falleci\u00f3 por una perforaci\u00f3n en el pulm\u00f3n&#8221;, relat\u00f3 y agreg\u00f3 &#8220;era una chica sana que viv\u00eda para trabajar, viv\u00eda trabajando ella, su esposo toda la vida para progresar, su marido era camionero. Estamos destrozados&#8221;<\/p>\n<p>&#8220;Mi nena que tiene 14 a\u00f1os me dec\u00eda y puso en un cartelito por ir a laburar la mataron, y me pregunto, me levanto y no me entra la ficha, le pregunto a mi esposa, \u00bfc\u00f3mo tuvo que morir con 20 pu\u00f1aladas, con el fr\u00edo, con el sufrimiento, estando yendo a trabajar por un demonio, por un degenerado&#8221;, manifest\u00f3<\/p>\n<p> Con la mezcla de la tristeza y el enojo, Ram\u00f3n se refiri\u00f3 al hecho de que el sospechoso y detenido, tenga antecedentes y haya estado en libertad. &#8220;Yo no  conozco al gobierno, ni s\u00e9 c\u00f3mo se llama el gobernador, pero que se ponga las pilas de esto. Quiero que el Gobernador me explique, que me explique qu\u00e9 es lo que piensa. Siempre pasa lo mismo, siempre lo mismo, todos los gobiernos&#8221;  , se\u00f1al\u00f3<\/p>\n<p>DIARIO NORTE.-<\/p><\/div>\n","protected":false},"excerpt":{"rendered":"<p>El hermano de \u00c9rica Torrez, encabez\u00f3 la marcha convocada en Charata, donde reside. A\u00fan conmocionado pidi\u00f3 justicia y respuestas al Gobierno. La marcha, convocada en Charata, en la Plaza San Mart\u00edn, para pedir justicia por el feminicidio de \u00c9rica Torrez, cont\u00f3 con la participaci\u00f3n de su familia, uno de sus hermanos, Ram\u00f3n Torres, acompa\u00f1ado de [&hellip;]<\/p>\n","protected":false},"author":1,"featured_media":34062,"comment_status":"closed","ping_status":"closed","sticky":false,"template":"","format":"standard","meta":{"footnotes":""},"categories":[6],"tags":[],"class_list":{"0":"post-34061","1":"post","2":"type-post","3":"status-publish","4":"format-standard","5":"has-post-thumbnail","7":"category-chaco"},"_links":{"self":[{"href":"https:\/\/chacosintesis.com.ar\/index.php\/wp-json\/wp\/v2\/posts\/34061","targetHints":{"allow":["GET"]}}],"collection":[{"href":"https:\/\/chacosintesis.com.ar\/index.php\/wp-json\/wp\/v2\/posts"}],"about":[{"href":"https:\/\/chacosintesis.com.ar\/index.php\/wp-json\/wp\/v2\/types\/post"}],"author":[{"embeddable":true,"href":"https:\/\/chacosintesis.com.ar\/index.php\/wp-json\/wp\/v2\/users\/1"}],"replies":[{"embeddable":true,"href":"https:\/\/chacosintesis.com.ar\/index.php\/wp-json\/wp\/v2\/comments?post=34061"}],"version-history":[{"count":0,"href":"https:\/\/chacosintesis.com.ar\/index.php\/wp-json\/wp\/v2\/posts\/34061\/revisions"}],"wp:featuredmedia":[{"embeddable":true,"href":"https:\/\/chacosintesis.com.ar\/index.php\/wp-json\/wp\/v2\/media\/34062"}],"wp:attachment":[{"href":"https:\/\/chacosintesis.com.ar\/index.php\/wp-json\/wp\/v2\/media?parent=34061"}],"wp:term":[{"taxonomy":"category","embeddable":true,"href":"https:\/\/chacosintesis.com.ar\/index.php\/wp-json\/wp\/v2\/categories?post=34061"},{"taxonomy":"post_tag","embeddable":true,"href":"https:\/\/chacosintesis.com.ar\/index.php\/wp-json\/wp\/v2\/tags?post=34061"}],"curies":[{"name":"wp","href":"https:\/\/api.w.org\/{rel}","templated":true}]}}