{"id":34025,"date":"2024-05-27T07:59:26","date_gmt":"2024-05-27T10:59:26","guid":{"rendered":"https:\/\/chacosintesis.com.ar\/?p=34025"},"modified":"2024-05-27T08:01:28","modified_gmt":"2024-05-27T11:01:28","slug":"frio-intenso-con-heladas-en-el-interior-chaqueno","status":"publish","type":"post","link":"https:\/\/chacosintesis.com.ar\/index.php\/frio-intenso-con-heladas-en-el-interior-chaqueno\/","title":{"rendered":"Fr\u00edo intenso con heladas en el interior chaque\u00f1o"},"content":{"rendered":"<div class=\"postie-post\">Gran parte del interior provincial estuvo expuesto a unas siete horas de muy bajas temperaturas con sensaci\u00f3n t\u00e9rmica bajo cero.<\/p>\n<p> La madrugada y las primeras horas de la ma\u00f1ana de ayer domingo se caracterizaron por la ocurrencia de bajas de temperaturas en casi todo el territorio provincial, sinti\u00e9ndose con mayor intensidad en el sudeste chaque\u00f1o, con 3 grados y medio bajo cero en la zona oeste de Charata.<\/p>\n<p>De acuerdo con el servicio del Centro de Documentaci\u00f3n e Informaci\u00f3n -Cedei-, perteneciente a la Subsecretar\u00eda de Agricultura del Ministerio de Producci\u00f3n del Chaco, la ola de fr\u00edo comenz\u00f3 a ingresar desde el sudoeste alrededor de la 1 de la ma\u00f1ana de ayer, abarcando alrededor de las 8 gran parte del territorio, generando heladas y temperaturas bajas.<br \/>\nDe esta manera, gran parte del interior, abarcando el sudoeste, oeste y centro chaque\u00f1o, fue expuesto a unas siete horas de muy bajas temperaturas con sensaci\u00f3n t\u00e9rmica bajo cero.<br \/>\nEN S\u00c1ENZ PE\u00d1A<br \/>\nCon una temperatura de 1,6 grados bajo cero, en la ciudad termal se registr\u00f3 -como en todo el interior- la primera helada del a\u00f1o. La sensaci\u00f3n t\u00e9rmica fue de tres bajo cero.<br \/>\nPara las pr\u00f3ximas jornadas, \u00faltimos d\u00edas de mayo, las temperaturas oscilar\u00e1n entre 8 a 12 grados de m\u00ednima y m\u00e1ximas que se dar\u00e1n entre los 17 a 23 grados, seg\u00fan anticipa el Servicio Meteorol\u00f3gico Nacional.<br \/>\nEn la recorrida de los cronistas de NORTE en la ma\u00f1ana de domingo, se pudo ver la helada reflejada en los grandes predios de los alrededores de la ciudad, con el cl\u00e1sico manto blanco que cubr\u00eda la superficie. Si bien, con la salida de los primeros rayos solares, la escarcha que se divis\u00f3 en algunos lugares abiertos comenzaba a desaparecer en cuesti\u00f3n de minutos.<br \/>\nBRUSCO DESCENSO EN SAN MART\u00cdN<br \/>\nEn General San Mart\u00edn y sus zonas aleda\u00f1as no hel\u00f3. El s\u00e1bado por la noche el cielo estaba despejado y la temperatura, que lleg\u00f3 a los 4,9 grados, descend\u00eda bruscamente e indicaba un alto porcentaje de helada. Entre las cuatro y las cinco de la madruga se nubl\u00f3 y la temperatura baj\u00f3 a 4,6 grados.<br \/>\nLa ciudad amaneci\u00f3 con el cielo nublado con una peque\u00f1a brisa; ese peque\u00f1o viento dispers\u00f3 la helada. Cerca del mediod\u00eda la temperatura llegaba a los 10,2 grados, seg\u00fan gentileza de Senderos la Reserva Educativa Experimental y Granja Autosustentable de Pedro Rodolfo Salica.<br \/>\nBAJO CERO EN LOS FRENTONES<br \/>\nEn Los Frentones, seg\u00fan el informe de nuestra corresponsal, se produjo la primera helada del a\u00f1o, con una temperatura de 1 grado bajo cero; mientras que en la zona norte, en un predio rural, productores pasaron la informaci\u00f3n de una intensa helada de 2,5 grados bajo cero.<br \/>\nEN LAS BRE\u00d1AS<br \/>\nLa jornada del 15 de mayo marc\u00f3 el inicio de las temperaturas bajas que permiti\u00f3 ver las primeras escarchas del a\u00f1o en distintos lugares de la ciudad y, especialmente, en la zona rural. La medici\u00f3n fue de -1,2\u00b0C en intemperie y 2,9\u00b0 en casilla, y estuvo marcado por vegetaci\u00f3n con escarcha, especialmente los pastos y plantas bajas, como as\u00ed tambi\u00e9n en el parabrisas y techos de autos con distintos grosores de hielo, y en otras superficies planas que quedaron a la intemperie esa ma\u00f1ana.<br \/>\nEste s\u00e1bado y domingo volvieron a darse temperatura por debajo de 0 a la intemperie, indicando heladas agron\u00f3micas que obligaron a los vecinos a protegerse para participar en la festividad del 25 de Mayo. Ayer, la marca que registr\u00f3 la Estaci\u00f3n Agrometeorol\u00f3gica &#8220;Delfino Juan Palaoro&#8221; de INTA Las Bre\u00f1as fue de 0,1\u00b0 en casilla y -4,8 a la intemperie.<br \/>\nEl a\u00f1o pasado se vivi\u00f3 una situaci\u00f3n similar reci\u00e9n el 14 de junio a las 8.15 con una temperatura de -1,3\u00b0C en casilla y de -5,0 a la intemperie.<br \/>\nSIN REPORTE<br \/>\nEl gobierno local inform\u00f3 que no hay familias que hayan solicitado albergue u otro elemento para mitigar los efectos del fr\u00edo hasta el momento.<\/p>\n<p>DIARIO NORTE.-<\/p><\/div>\n","protected":false},"excerpt":{"rendered":"<p>Gran parte del interior provincial estuvo expuesto a unas siete horas de muy bajas temperaturas con sensaci\u00f3n t\u00e9rmica bajo cero. La madrugada y las primeras horas de la ma\u00f1ana de ayer domingo se caracterizaron por la ocurrencia de bajas de temperaturas en casi todo el territorio provincial, sinti\u00e9ndose con mayor intensidad en el sudeste chaque\u00f1o, [&hellip;]<\/p>\n","protected":false},"author":1,"featured_media":34026,"comment_status":"closed","ping_status":"closed","sticky":false,"template":"","format":"standard","meta":{"footnotes":""},"categories":[6],"tags":[],"class_list":{"0":"post-34025","1":"post","2":"type-post","3":"status-publish","4":"format-standard","5":"has-post-thumbnail","7":"category-chaco"},"_links":{"self":[{"href":"https:\/\/chacosintesis.com.ar\/index.php\/wp-json\/wp\/v2\/posts\/34025","targetHints":{"allow":["GET"]}}],"collection":[{"href":"https:\/\/chacosintesis.com.ar\/index.php\/wp-json\/wp\/v2\/posts"}],"about":[{"href":"https:\/\/chacosintesis.com.ar\/index.php\/wp-json\/wp\/v2\/types\/post"}],"author":[{"embeddable":true,"href":"https:\/\/chacosintesis.com.ar\/index.php\/wp-json\/wp\/v2\/users\/1"}],"replies":[{"embeddable":true,"href":"https:\/\/chacosintesis.com.ar\/index.php\/wp-json\/wp\/v2\/comments?post=34025"}],"version-history":[{"count":0,"href":"https:\/\/chacosintesis.com.ar\/index.php\/wp-json\/wp\/v2\/posts\/34025\/revisions"}],"wp:featuredmedia":[{"embeddable":true,"href":"https:\/\/chacosintesis.com.ar\/index.php\/wp-json\/wp\/v2\/media\/34026"}],"wp:attachment":[{"href":"https:\/\/chacosintesis.com.ar\/index.php\/wp-json\/wp\/v2\/media?parent=34025"}],"wp:term":[{"taxonomy":"category","embeddable":true,"href":"https:\/\/chacosintesis.com.ar\/index.php\/wp-json\/wp\/v2\/categories?post=34025"},{"taxonomy":"post_tag","embeddable":true,"href":"https:\/\/chacosintesis.com.ar\/index.php\/wp-json\/wp\/v2\/tags?post=34025"}],"curies":[{"name":"wp","href":"https:\/\/api.w.org\/{rel}","templated":true}]}}