{"id":34016,"date":"2024-05-26T11:04:22","date_gmt":"2024-05-26T14:04:22","guid":{"rendered":"https:\/\/chacosintesis.com.ar\/?p=34016"},"modified":"2024-05-26T11:07:18","modified_gmt":"2024-05-26T14:07:18","slug":"con-izamiento-tedeum-y-un-acto-saenz-pena-celebro-el-214-aniversario-de-la-revolucion-de-mayo","status":"publish","type":"post","link":"https:\/\/chacosintesis.com.ar\/index.php\/con-izamiento-tedeum-y-un-acto-saenz-pena-celebro-el-214-aniversario-de-la-revolucion-de-mayo\/","title":{"rendered":"Con izamiento, Tedeum y un acto S\u00e1enz Pe\u00f1a celebr\u00f3 el 214 aniversario de la Revoluci\u00f3n de Mayo"},"content":{"rendered":"<div class=\"postie-post\">La jornada del s\u00e1bado 25 de mayo, desde horas tempranas, congreg\u00f3 a los saenzpe\u00f1enses a la plaza central donde el intendente Bruno Cipolini encabez\u00f3 el izamiento de la Bandera Nacional.<\/p>\n<p> Luego, tuvo lugar el Solemne Tedeum oficiado por el Padre Sergio Nossa, quien inst\u00f3 a los presentes a trabajar en unidad por el bien com\u00fan. El d\u00eda patrio continu\u00f3 en la intersecci\u00f3n de las calles 12 y 11 del centro, con el acto central que cont\u00f3 con la participaci\u00f3n de docentes del nivel inicial de las distintas instituciones de la ciudad y las fuerzas de seguridad.<br \/>\n <img decoding=\"async\" src=\"data:image\/gif;base64,R0lGODlhAQABAIAAAAAAAP\/\/\/ywAAAAAAQABAAACAUwAOw==\" fifu-lazy=\"1\" fifu-data-sizes=\"auto\" fifu-data-srcset=\"https:\/\/i0.wp.com\/chacosintesis.com.ar\/wp-content\/uploads\/2024\/05\/WhatsApp-Image-2024-05-26-at-10.52.25-1-800x533.jpeg?ssl=1&w=75&resize=75&ssl=1 75w, https:\/\/i0.wp.com\/chacosintesis.com.ar\/wp-content\/uploads\/2024\/05\/WhatsApp-Image-2024-05-26-at-10.52.25-1-800x533.jpeg?ssl=1&w=100&resize=100&ssl=1 100w, https:\/\/i0.wp.com\/chacosintesis.com.ar\/wp-content\/uploads\/2024\/05\/WhatsApp-Image-2024-05-26-at-10.52.25-1-800x533.jpeg?ssl=1&w=150&resize=150&ssl=1 150w, https:\/\/i0.wp.com\/chacosintesis.com.ar\/wp-content\/uploads\/2024\/05\/WhatsApp-Image-2024-05-26-at-10.52.25-1-800x533.jpeg?ssl=1&w=240&resize=240&ssl=1 240w, https:\/\/i0.wp.com\/chacosintesis.com.ar\/wp-content\/uploads\/2024\/05\/WhatsApp-Image-2024-05-26-at-10.52.25-1-800x533.jpeg?ssl=1&w=320&resize=320&ssl=1 320w, https:\/\/i0.wp.com\/chacosintesis.com.ar\/wp-content\/uploads\/2024\/05\/WhatsApp-Image-2024-05-26-at-10.52.25-1-800x533.jpeg?ssl=1&w=500&resize=500&ssl=1 500w, https:\/\/i0.wp.com\/chacosintesis.com.ar\/wp-content\/uploads\/2024\/05\/WhatsApp-Image-2024-05-26-at-10.52.25-1-800x533.jpeg?ssl=1&w=640&resize=640&ssl=1 640w, https:\/\/i0.wp.com\/chacosintesis.com.ar\/wp-content\/uploads\/2024\/05\/WhatsApp-Image-2024-05-26-at-10.52.25-1-800x533.jpeg?ssl=1&w=800&resize=800&ssl=1 800w, https:\/\/i0.wp.com\/chacosintesis.com.ar\/wp-content\/uploads\/2024\/05\/WhatsApp-Image-2024-05-26-at-10.52.25-1-800x533.jpeg?ssl=1&w=1024&resize=1024&ssl=1 1024w, https:\/\/i0.wp.com\/chacosintesis.com.ar\/wp-content\/uploads\/2024\/05\/WhatsApp-Image-2024-05-26-at-10.52.25-1-800x533.jpeg?ssl=1&w=1280&resize=1280&ssl=1 1280w, https:\/\/i0.wp.com\/chacosintesis.com.ar\/wp-content\/uploads\/2024\/05\/WhatsApp-Image-2024-05-26-at-10.52.25-1-800x533.jpeg?ssl=1&w=1600&resize=1600&ssl=1 1600w\" fifu-data-src=\"https:\/\/i0.wp.com\/chacosintesis.com.ar\/wp-content\/uploads\/2024\/05\/WhatsApp-Image-2024-05-26-at-10.52.25-1-800x533.jpeg?ssl=1\" alt=\"\" width=\"800px\" height=\"533px\" class=\"alignnone size-medium wp-image-34018\" \/><\/p>\n<p> En la oportunidad fue el secretario de Relaciones Institucionales, Eduardo Molina, quien se refiri\u00f3 a los presentes y record\u00f3 los hechos ocurridos el 25 de mayo de 1810.<\/p>\n<p> Durante las actividades se cont\u00f3 con la presencia de la directora Regional Educativa IV A, Paloma Egea, la presidente del Concejo Deliberante Nora Gauna, autoridades de Gendarmer\u00eda Nacional, autoridades del Servicio Penitenciario Federal, Polic\u00eda del Chaco, funcionarios municipales, supervisores de las instituciones educativas, autoridades de instituciones intermedias, concejales, docentes, la Banda Municipal Fortunato Felcher, el Coral Termal y p\u00fablico en general.<\/p><\/div>\n","protected":false},"excerpt":{"rendered":"<p>La jornada del s\u00e1bado 25 de mayo, desde horas tempranas, congreg\u00f3 a los saenzpe\u00f1enses a la plaza central donde el intendente Bruno Cipolini encabez\u00f3 el izamiento de la Bandera Nacional. Luego, tuvo lugar el Solemne Tedeum oficiado por el Padre Sergio Nossa, quien inst\u00f3 a los presentes a trabajar en unidad por el bien com\u00fan. [&hellip;]<\/p>\n","protected":false},"author":1,"featured_media":34017,"comment_status":"closed","ping_status":"closed","sticky":false,"template":"","format":"standard","meta":{"footnotes":""},"categories":[6],"tags":[],"class_list":{"0":"post-34016","1":"post","2":"type-post","3":"status-publish","4":"format-standard","5":"has-post-thumbnail","7":"category-chaco"},"_links":{"self":[{"href":"https:\/\/chacosintesis.com.ar\/index.php\/wp-json\/wp\/v2\/posts\/34016","targetHints":{"allow":["GET"]}}],"collection":[{"href":"https:\/\/chacosintesis.com.ar\/index.php\/wp-json\/wp\/v2\/posts"}],"about":[{"href":"https:\/\/chacosintesis.com.ar\/index.php\/wp-json\/wp\/v2\/types\/post"}],"author":[{"embeddable":true,"href":"https:\/\/chacosintesis.com.ar\/index.php\/wp-json\/wp\/v2\/users\/1"}],"replies":[{"embeddable":true,"href":"https:\/\/chacosintesis.com.ar\/index.php\/wp-json\/wp\/v2\/comments?post=34016"}],"version-history":[{"count":0,"href":"https:\/\/chacosintesis.com.ar\/index.php\/wp-json\/wp\/v2\/posts\/34016\/revisions"}],"wp:featuredmedia":[{"embeddable":true,"href":"https:\/\/chacosintesis.com.ar\/index.php\/wp-json\/wp\/v2\/media\/34017"}],"wp:attachment":[{"href":"https:\/\/chacosintesis.com.ar\/index.php\/wp-json\/wp\/v2\/media?parent=34016"}],"wp:term":[{"taxonomy":"category","embeddable":true,"href":"https:\/\/chacosintesis.com.ar\/index.php\/wp-json\/wp\/v2\/categories?post=34016"},{"taxonomy":"post_tag","embeddable":true,"href":"https:\/\/chacosintesis.com.ar\/index.php\/wp-json\/wp\/v2\/tags?post=34016"}],"curies":[{"name":"wp","href":"https:\/\/api.w.org\/{rel}","templated":true}]}}