{"id":34012,"date":"2024-05-26T10:45:39","date_gmt":"2024-05-26T13:45:39","guid":{"rendered":"https:\/\/chacosintesis.com.ar\/?p=34012"},"modified":"2024-05-26T10:48:16","modified_gmt":"2024-05-26T13:48:16","slug":"barranqueras-lanzan-un-nuevo-operativo-de-busqueda-de-la-joven-jaqueline-pereira","status":"publish","type":"post","link":"https:\/\/chacosintesis.com.ar\/index.php\/barranqueras-lanzan-un-nuevo-operativo-de-busqueda-de-la-joven-jaqueline-pereira\/","title":{"rendered":"Barranqueras: Lanzan un nuevo operativo de b\u00fasqueda de la joven Jaqueline Pereira"},"content":{"rendered":"<div class=\"postie-post\">Ante cualquier informaci\u00f3n comunicarse con el 911 o dirigirse a la unidad policial m\u00e1s cercana.<br \/>\n Este domingo a las 8 en Barranqueras, nuevamente la Polic\u00eda del Chaco lanz\u00f3 un operativo con el fin de localizar a Jaqueline Guadalupe Pereira de 14 a\u00f1os, que se encuentra desaparecida desde el 23 de mayo de este a\u00f1o.<br \/>\n Polic\u00edas de las Comisar\u00edas Primera, Segunda, Tercera de Barranqueras, Puerto Vilelas, Divisi\u00f3n B\u00fasqueda de Personas, Personal del Servicio Externo zona portuaria participan en la b\u00fasqueda. Tambi\u00e9n, Comisar\u00edas de la capital chaque\u00f1a y Polic\u00eda Caminera. Adem\u00e1s, contin\u00faan entrevist\u00e1ndose con amigos, familiares y vecinos de la zona. Asimismo con la entrega de folletos con la imagen y datos de Jaqueline a la ciudadan\u00eda. Descripci\u00f3n<br \/>\n Jaqueline Guadalupe Pereira, de 14 a\u00f1os, de 1,60 metros de altura, de contextura f\u00edsica otra, tez blanca, cabello lacio casta\u00f1o claro, ojos color marrones, usando la siguiente vestimenta y\/o efectos personales: campera color bordo marca &#8220;nike&#8221;; jeans tipo chupin color azul; zapatillas color marr\u00f3n con plataforma Se le ha visto por \u00faltima vez en Mz. 85, Pc. 01 B\u00b0 Nuevo Amanecer en fecha 23\/05\/2024.<br \/>\n Cualquier novedad sobre la persona menor, favor de acercarse a la unidad m\u00e1s pr\u00f3xima a su domicilio o bien comunicarse a Comisar\u00eda Segunda Barranqueras al 3624481395 o al servicio de emergencias 911.<\/p>\n<p>DIARIO 22<\/p><\/div>\n","protected":false},"excerpt":{"rendered":"<p>Ante cualquier informaci\u00f3n comunicarse con el 911 o dirigirse a la unidad policial m\u00e1s cercana. Este domingo a las 8 en Barranqueras, nuevamente la Polic\u00eda del Chaco lanz\u00f3 un operativo con el fin de localizar a Jaqueline Guadalupe Pereira de 14 a\u00f1os, que se encuentra desaparecida desde el 23 de mayo de este a\u00f1o. Polic\u00edas [&hellip;]<\/p>\n","protected":false},"author":1,"featured_media":34013,"comment_status":"closed","ping_status":"closed","sticky":false,"template":"","format":"standard","meta":{"footnotes":""},"categories":[6],"tags":[],"class_list":{"0":"post-34012","1":"post","2":"type-post","3":"status-publish","4":"format-standard","5":"has-post-thumbnail","7":"category-chaco"},"_links":{"self":[{"href":"https:\/\/chacosintesis.com.ar\/index.php\/wp-json\/wp\/v2\/posts\/34012","targetHints":{"allow":["GET"]}}],"collection":[{"href":"https:\/\/chacosintesis.com.ar\/index.php\/wp-json\/wp\/v2\/posts"}],"about":[{"href":"https:\/\/chacosintesis.com.ar\/index.php\/wp-json\/wp\/v2\/types\/post"}],"author":[{"embeddable":true,"href":"https:\/\/chacosintesis.com.ar\/index.php\/wp-json\/wp\/v2\/users\/1"}],"replies":[{"embeddable":true,"href":"https:\/\/chacosintesis.com.ar\/index.php\/wp-json\/wp\/v2\/comments?post=34012"}],"version-history":[{"count":0,"href":"https:\/\/chacosintesis.com.ar\/index.php\/wp-json\/wp\/v2\/posts\/34012\/revisions"}],"wp:featuredmedia":[{"embeddable":true,"href":"https:\/\/chacosintesis.com.ar\/index.php\/wp-json\/wp\/v2\/media\/34013"}],"wp:attachment":[{"href":"https:\/\/chacosintesis.com.ar\/index.php\/wp-json\/wp\/v2\/media?parent=34012"}],"wp:term":[{"taxonomy":"category","embeddable":true,"href":"https:\/\/chacosintesis.com.ar\/index.php\/wp-json\/wp\/v2\/categories?post=34012"},{"taxonomy":"post_tag","embeddable":true,"href":"https:\/\/chacosintesis.com.ar\/index.php\/wp-json\/wp\/v2\/tags?post=34012"}],"curies":[{"name":"wp","href":"https:\/\/api.w.org\/{rel}","templated":true}]}}