{"id":34004,"date":"2024-05-25T21:01:38","date_gmt":"2024-05-26T00:01:38","guid":{"rendered":"https:\/\/chacosintesis.com.ar\/?p=34004"},"modified":"2024-05-25T21:03:09","modified_gmt":"2024-05-26T00:03:09","slug":"las-brenas-atraparon-al-supuesto-homicida-de-la-bibliotecaria-cuando-cargaba-un-colchon-en-su-camioneta","status":"publish","type":"post","link":"https:\/\/chacosintesis.com.ar\/index.php\/las-brenas-atraparon-al-supuesto-homicida-de-la-bibliotecaria-cuando-cargaba-un-colchon-en-su-camioneta\/","title":{"rendered":"Las Bre\u00f1as: Atraparon al supuesto homicida de la bibliotecaria cuando cargaba un colch\u00f3n en su camioneta"},"content":{"rendered":"<div class=\"postie-post\">El supuesto homicida, apodado &#8220;El Misionero&#8221;, fue detenido por los sabuesos de la Polic\u00eda del Chaco este s\u00e1bado por la noche. El veh\u00edculo en el que se manejaba Juan Marcelo C\u00e1ceres (41) fue captado varias veces por las c\u00e1maras de seguridad en la zona cercana al lugar donde se cometi\u00f3 el crimen de la bibliotecaria \u00c9rica Torrez, la misma ma\u00f1ana del asesinato.<\/p>\n<p>Los investigadores indicaron a NORTE que fueron clave las c\u00e1maras de seguridad de la estaci\u00f3n de servicio YPF, ubicada en la intersecci\u00f3n de las tutas 89 y 6. &#8220;En el an\u00e1lisis de los videos apreciamos movimientos de una camioneta este s\u00e1bado por la noche, donde la prevenci\u00f3n encabezada por el comisario principal Ojeda lo intercept\u00f3, en la calle 9 de Julio S\/N de la localidad de Las Bre\u00f1as&#8221;, detallaron.<br \/>\nLa camioneta en que se movilizaba Juan Marcelo C\u00e1ceres es una Ford, modelo F-100 (dominio ROD642). Se trata de una cabina simple color blanca y caja color negra, la cual contiene caracter\u00edsticas similares al rodado sindicado en las im\u00e1genes peritada por la Polic\u00eda del Chaco.<br \/>\nTrabajan en la zona agentes de las divisiones Consumos Problem\u00e1ticos, Investigaciones Rural y Canes, en conjunto con  la Direcci\u00f3n Zona Charata, la comisar\u00eda Las Bre\u00f1as, la Direcci\u00f3n  de Abordaje e Infanter\u00eda.<\/p>\n<p>DIARIO NORTE.-<\/p><\/div>\n","protected":false},"excerpt":{"rendered":"<p>El supuesto homicida, apodado &#8220;El Misionero&#8221;, fue detenido por los sabuesos de la Polic\u00eda del Chaco este s\u00e1bado por la noche. El veh\u00edculo en el que se manejaba Juan Marcelo C\u00e1ceres (41) fue captado varias veces por las c\u00e1maras de seguridad en la zona cercana al lugar donde se cometi\u00f3 el crimen de la bibliotecaria [&hellip;]<\/p>\n","protected":false},"author":1,"featured_media":34005,"comment_status":"closed","ping_status":"closed","sticky":false,"template":"","format":"standard","meta":{"footnotes":""},"categories":[6],"tags":[],"class_list":{"0":"post-34004","1":"post","2":"type-post","3":"status-publish","4":"format-standard","5":"has-post-thumbnail","7":"category-chaco"},"_links":{"self":[{"href":"https:\/\/chacosintesis.com.ar\/index.php\/wp-json\/wp\/v2\/posts\/34004","targetHints":{"allow":["GET"]}}],"collection":[{"href":"https:\/\/chacosintesis.com.ar\/index.php\/wp-json\/wp\/v2\/posts"}],"about":[{"href":"https:\/\/chacosintesis.com.ar\/index.php\/wp-json\/wp\/v2\/types\/post"}],"author":[{"embeddable":true,"href":"https:\/\/chacosintesis.com.ar\/index.php\/wp-json\/wp\/v2\/users\/1"}],"replies":[{"embeddable":true,"href":"https:\/\/chacosintesis.com.ar\/index.php\/wp-json\/wp\/v2\/comments?post=34004"}],"version-history":[{"count":0,"href":"https:\/\/chacosintesis.com.ar\/index.php\/wp-json\/wp\/v2\/posts\/34004\/revisions"}],"wp:featuredmedia":[{"embeddable":true,"href":"https:\/\/chacosintesis.com.ar\/index.php\/wp-json\/wp\/v2\/media\/34005"}],"wp:attachment":[{"href":"https:\/\/chacosintesis.com.ar\/index.php\/wp-json\/wp\/v2\/media?parent=34004"}],"wp:term":[{"taxonomy":"category","embeddable":true,"href":"https:\/\/chacosintesis.com.ar\/index.php\/wp-json\/wp\/v2\/categories?post=34004"},{"taxonomy":"post_tag","embeddable":true,"href":"https:\/\/chacosintesis.com.ar\/index.php\/wp-json\/wp\/v2\/tags?post=34004"}],"curies":[{"name":"wp","href":"https:\/\/api.w.org\/{rel}","templated":true}]}}