{"id":33991,"date":"2024-05-25T17:48:04","date_gmt":"2024-05-25T20:48:04","guid":{"rendered":"http:\/\/chacosintesis.com.ar\/?p=33991"},"modified":"2024-05-25T17:52:20","modified_gmt":"2024-05-25T20:52:20","slug":"zdero-presidio-el-acto-central-del-25-de-mayo-en-pampa-del-infierno","status":"publish","type":"post","link":"https:\/\/chacosintesis.com.ar\/index.php\/zdero-presidio-el-acto-central-del-25-de-mayo-en-pampa-del-infierno\/","title":{"rendered":"Zdero presidi\u00f3 el acto central del 25 de Mayo en Pampa del Infierno"},"content":{"rendered":"<div class=\"postie-post\">El gobernador Leandro Zdero presidi\u00f3, esta ma\u00f1ana, el acto central por el aniversario 214\u00b0 de la Revoluci\u00f3n de Mayo, en la ciudad de Pampa del infierno.<br \/>\n<iframe loading=\"lazy\" title=\"ACTO 25 DE MAYO EN PAMPA DEL INFIERNO\" width=\"1170\" height=\"658\" src=\"https:\/\/www.youtube.com\/embed\/aWLPHzjHcJg?feature=oembed\" frameborder=\"0\" allow=\"accelerometer; autoplay; clipboard-write; encrypted-media; gyroscope; picture-in-picture; web-share\" referrerpolicy=\"strict-origin-when-cross-origin\" allowfullscreen><\/iframe><br \/>\n El primer mandatario provincial acompa\u00f1ado por la vicegobernadora Silvana Schneider, fue recibido inicialmente por la intendente Glenda Seifert en la Municipalidad local para luego, ubicarse en el palco oficial. \u201cEs un d\u00eda extraordinario, por lo que ha significado en la historia de nuestro pa\u00eds un antes y un despu\u00e9s; una fecha como hoy no debemos vivirla como una fecha patria solamente sino como el nacimiento y la oportunidad de la esperanza para todos. Esa gesta de la Revoluci\u00f3n de Mayo que han tenido hombres y mujeres, lograron encontrarse en la oportunidad, en un horizonte pr\u00f3spero, pero fundamentalmente de libertad. Es importante que en este 25 de mayo podamos recuperar ese sentido de pertenencia, de libertad y de justicia, pero haci\u00e9ndolo todos los d\u00edas\u201d- se\u00f1al\u00f3 el jefe del Poder Ejecutivo.<br \/>\nEl gobernador Zdero adem\u00e1s remarc\u00f3, en su discurso, que es muy importante la uni\u00f3n y el sentido de pertenencia \u201cYo quiero convocar a los chaque\u00f1os a que hagamos un Pacto con esos valores de Mayo, para poner en valor a nuestro Chaco, a nuestra Argentina; porque en definitiva patria son nuestros montes, son nuestros r\u00edos; patria es el que labura; es el productor, el que con su sudor todos los d\u00edas colabora con el crecimiento y el desarrollo; Patria es el docente que educa comprometido en la noble tarea de ense\u00f1ar;  Patria es el enfermero; El m\u00e9dico que cura, para tener chaque\u00f1os y argentinos sanos;  Patria es tener justicia, patria es recuperar los valores de la cultura y del trabajo que nos inculcaron\u201d.<br \/>\nGLENDA SEIFERT: \u201cGRACIAS SE\u00d1OR GOBERNADOR POR HABER PENSADO EN NUESTRA CIUDAD\u201d Por su parte, la intendente de Pampa del Infierno, Glenda Seifert manifest\u00f3: Hoy Pampa del infierno tiene el enorme privilegio que nuestra ciudad, reciba con benepl\u00e1cito a la m\u00e1xima autoridad pol\u00edtica para festejar. Este d\u00eda de la Patria, por primera vez, ha dejado la Plaza 25 de Mayo de la ciudad capital como sede central para concretar el verdadero federalismo. Agradecida por un evento de esta magnitud donde las ciudades del interior hoy tambi\u00e9n somos protagonistas. Gracias se\u00f1or Gobernador por haber pensado a nuestra ciudad para hacerlo. Nos hemos preparado para recibirlos como usted se merece. Gracias por pensar en nuestra ciudad\u201d.<\/p>\n<p>Finalizados los discursos, durante el acto central, se realiz\u00f3 el desfile c\u00edvico militar junto a las instituciones y agrupaciones gauchescas de la zona.<br \/>\nEstuvieron presentes: el ministro de Hacienda y Finanzas, Alejandro Abraam; el ministro de la Producci\u00f3n Hern\u00e1n Halavacs; la presidente de IPRODICH, Ana Mitoire; Tamara Silvestri, subsecretaria de Acci\u00f3n Comunitaria; el titular de Vialidad Provincial, Omar Canela; Carlos Favar\u00f3n, el subsecretario de IIFA; la presidente de la Legislatura, Carmen Delgado; la diputada nacional Maril\u00fa Quiroz; el senador V\u00edctor Zimmermann; los diputados provinciales: Dorys Arkwright, Carlos Salom, Ivan Gyoker; el intendente de Nueva Pompeya Vicente Gonzalez; el intendente de Concepci\u00f3n del Bermejo, Ra\u00fal Maldonado; el intendente de Quitilipi, Ariel Lovey; la intendente de Santa Sylvina, Susana Maggio; de Chorotis, Ariel Hoffstetter; el presidente del Superior Tribunal de Justicia, V\u00edctor del R\u00edo; fuerzas de Seguridad; instituciones educativas y vecinos.<\/p><\/div>\n","protected":false},"excerpt":{"rendered":"<p>El gobernador Leandro Zdero presidi\u00f3, esta ma\u00f1ana, el acto central por el aniversario 214\u00b0 de la Revoluci\u00f3n de Mayo, en la ciudad de Pampa del infierno. El primer mandatario provincial acompa\u00f1ado por la vicegobernadora Silvana Schneider, fue recibido inicialmente por la intendente Glenda Seifert en la Municipalidad local para luego, ubicarse en el palco oficial. [&hellip;]<\/p>\n","protected":false},"author":1,"featured_media":33992,"comment_status":"closed","ping_status":"closed","sticky":false,"template":"","format":"standard","meta":{"footnotes":""},"categories":[6],"tags":[],"class_list":{"0":"post-33991","1":"post","2":"type-post","3":"status-publish","4":"format-standard","5":"has-post-thumbnail","7":"category-chaco"},"_links":{"self":[{"href":"https:\/\/chacosintesis.com.ar\/index.php\/wp-json\/wp\/v2\/posts\/33991","targetHints":{"allow":["GET"]}}],"collection":[{"href":"https:\/\/chacosintesis.com.ar\/index.php\/wp-json\/wp\/v2\/posts"}],"about":[{"href":"https:\/\/chacosintesis.com.ar\/index.php\/wp-json\/wp\/v2\/types\/post"}],"author":[{"embeddable":true,"href":"https:\/\/chacosintesis.com.ar\/index.php\/wp-json\/wp\/v2\/users\/1"}],"replies":[{"embeddable":true,"href":"https:\/\/chacosintesis.com.ar\/index.php\/wp-json\/wp\/v2\/comments?post=33991"}],"version-history":[{"count":0,"href":"https:\/\/chacosintesis.com.ar\/index.php\/wp-json\/wp\/v2\/posts\/33991\/revisions"}],"wp:featuredmedia":[{"embeddable":true,"href":"https:\/\/chacosintesis.com.ar\/index.php\/wp-json\/wp\/v2\/media\/33992"}],"wp:attachment":[{"href":"https:\/\/chacosintesis.com.ar\/index.php\/wp-json\/wp\/v2\/media?parent=33991"}],"wp:term":[{"taxonomy":"category","embeddable":true,"href":"https:\/\/chacosintesis.com.ar\/index.php\/wp-json\/wp\/v2\/categories?post=33991"},{"taxonomy":"post_tag","embeddable":true,"href":"https:\/\/chacosintesis.com.ar\/index.php\/wp-json\/wp\/v2\/tags?post=33991"}],"curies":[{"name":"wp","href":"https:\/\/api.w.org\/{rel}","templated":true}]}}