{"id":33984,"date":"2024-05-25T11:30:10","date_gmt":"2024-05-25T14:30:10","guid":{"rendered":"http:\/\/chacosintesis.com.ar\/?p=33984"},"modified":"2024-05-25T11:33:50","modified_gmt":"2024-05-25T14:33:50","slug":"mateo-salvatto-cerro-la-expo-trabajo-unne-de-la-mano-de-nbch","status":"publish","type":"post","link":"https:\/\/chacosintesis.com.ar\/index.php\/mateo-salvatto-cerro-la-expo-trabajo-unne-de-la-mano-de-nbch\/","title":{"rendered":"Mateo Salvatto cerr\u00f3 la Expo Trabajo UNNE de la mano de NBCH"},"content":{"rendered":"<div class=\"postie-post\">Ante un auditorio lleno, el joven emprendedor tecnol\u00f3gico destac\u00f3 las oportunidades y el desaf\u00edo de la inclusi\u00f3n para promover un futuro mejor.<br \/>\nExpo Trabajo UNNE tuvo este viernes un cierre de lujo con la presentaci\u00f3n de Mateo Salvatto, en una propuesta impulsada por Nuevo Banco del Chaco, para fortalecer el v\u00ednculo y conectar entre las empresas y los j\u00f3venes profesionales de la regi\u00f3n.<br \/>\nDurante toda la jornada, se realizaron conversatorios, presentaciones y en el Aula Magna, empresas conectaron con estudiantes y j\u00f3venes profesionales para poner en valor el talento local.<br \/>\n\u201cNuestra presencia aqu\u00ed es un testimonio de nuestro compromiso con el desarrollo de la provincia y con la formaci\u00f3n de j\u00f3venes talentos\u201d, expres\u00f3 Claudia Bernardis directora de NBCH al presentar a Mateo Salvatto en el auditorio de la Facultad de Ciencias Econ\u00f3micas de la UNNE d\u00f3nde se realiz\u00f3 el cierre de la jornada.<br \/>\nEn ese sentido, afirm\u00f3 que \u201ccomo instituci\u00f3n financiera, entendemos que tenemos un papel fundamental y din\u00e1mico en la generaci\u00f3n y provisi\u00f3n de herramientas inclusivas que permitan disminuir las asimetr\u00edas\u201d.<br \/>\nNuevo Banco del Chaco tambi\u00e9n present\u00f3 Unicobros, el desarrollo digital del banco chaque\u00f1o para simplificar las ventas y los cobros. En este marco, orientado a \u201cprofesionales del futuro\u201d como una soluci\u00f3n integral para el desarrollo de negocios locales.<br \/>\nLa Expo Trabajo UNNE materializ\u00f3 una acci\u00f3n conjunta entre Universidad, Banco y Empresas para la innovaci\u00f3n, el emprendimiento y el progreso de la provincia y la regi\u00f3n.<\/div>\n","protected":false},"excerpt":{"rendered":"<p>Ante un auditorio lleno, el joven emprendedor tecnol\u00f3gico destac\u00f3 las oportunidades y el desaf\u00edo de la inclusi\u00f3n para promover un futuro mejor. Expo Trabajo UNNE tuvo este viernes un cierre de lujo con la presentaci\u00f3n de Mateo Salvatto, en una propuesta impulsada por Nuevo Banco del Chaco, para fortalecer el v\u00ednculo y conectar entre las [&hellip;]<\/p>\n","protected":false},"author":1,"featured_media":33985,"comment_status":"closed","ping_status":"closed","sticky":false,"template":"","format":"standard","meta":{"footnotes":""},"categories":[6],"tags":[],"class_list":{"0":"post-33984","1":"post","2":"type-post","3":"status-publish","4":"format-standard","5":"has-post-thumbnail","7":"category-chaco"},"_links":{"self":[{"href":"https:\/\/chacosintesis.com.ar\/index.php\/wp-json\/wp\/v2\/posts\/33984","targetHints":{"allow":["GET"]}}],"collection":[{"href":"https:\/\/chacosintesis.com.ar\/index.php\/wp-json\/wp\/v2\/posts"}],"about":[{"href":"https:\/\/chacosintesis.com.ar\/index.php\/wp-json\/wp\/v2\/types\/post"}],"author":[{"embeddable":true,"href":"https:\/\/chacosintesis.com.ar\/index.php\/wp-json\/wp\/v2\/users\/1"}],"replies":[{"embeddable":true,"href":"https:\/\/chacosintesis.com.ar\/index.php\/wp-json\/wp\/v2\/comments?post=33984"}],"version-history":[{"count":0,"href":"https:\/\/chacosintesis.com.ar\/index.php\/wp-json\/wp\/v2\/posts\/33984\/revisions"}],"wp:featuredmedia":[{"embeddable":true,"href":"https:\/\/chacosintesis.com.ar\/index.php\/wp-json\/wp\/v2\/media\/33985"}],"wp:attachment":[{"href":"https:\/\/chacosintesis.com.ar\/index.php\/wp-json\/wp\/v2\/media?parent=33984"}],"wp:term":[{"taxonomy":"category","embeddable":true,"href":"https:\/\/chacosintesis.com.ar\/index.php\/wp-json\/wp\/v2\/categories?post=33984"},{"taxonomy":"post_tag","embeddable":true,"href":"https:\/\/chacosintesis.com.ar\/index.php\/wp-json\/wp\/v2\/tags?post=33984"}],"curies":[{"name":"wp","href":"https:\/\/api.w.org\/{rel}","templated":true}]}}