{"id":33979,"date":"2024-05-25T09:29:00","date_gmt":"2024-05-25T12:29:00","guid":{"rendered":"https:\/\/chacosintesis.com.ar\/?p=33979"},"modified":"2024-05-25T09:32:16","modified_gmt":"2024-05-25T12:32:16","slug":"el-municipio-termal-reconocio-el-legado-de-juan-alfredo-martinet-en-la-e-e-p-n352","status":"publish","type":"post","link":"https:\/\/chacosintesis.com.ar\/index.php\/el-municipio-termal-reconocio-el-legado-de-juan-alfredo-martinet-en-la-e-e-p-n352\/","title":{"rendered":"El municipio termal reconoci\u00f3 el legado de Juan Alfredo Martinet en la E.E.P N\u00b0352"},"content":{"rendered":"<div class=\"postie-post\">Por iniciativa de la Secretaria de Cultura y Educaci\u00f3n Ciudadana, Alicia Ga\u00f1a, en la tarde del viernes 24 de mayo, se realiz\u00f3 el descubrimiento de un t\u00f3tem conmemorativo para para honrar la memoria de Juan Alfredo Martinet y Greogrio Coria, quien fue el primer director de la Escuela N\u00b0352 Victoria Waks.<\/p>\n<p> En la oportunidad se cont\u00f3 con la presencia del intendente Bruno Cipolini, el diputado Nacional Gerardo Cipolini; la directora Regional Educativa Paloma Egea; la directora de la E.E.S N\u00b0 144 Juan Alfredo Martinet profesora Andrea Dykyj; el director de la E.E.P N\u00b0 352 Victoria Waks, Angel Mancuello y la directora de la Escuela para Adultos N\u00b0 7 Monse\u00f1or de Carlo, Se\u00f1ora Ramona Romero. Adem\u00e1s, participaron los vicedirectores, funcionarios municipales, docentes, alumnos, vecinos de la comunidad y la Banda Municipal de m\u00fasica Fortunato Felcher.<\/p>\n<p><img decoding=\"async\" src=\"data:image\/gif;base64,R0lGODlhAQABAIAAAAAAAP\/\/\/ywAAAAAAQABAAACAUwAOw==\" fifu-lazy=\"1\" fifu-data-sizes=\"auto\" fifu-data-srcset=\"https:\/\/i1.wp.com\/chacosintesis.com.ar\/wp-content\/uploads\/2024\/05\/WhatsApp-Image-2024-05-24-at-22.20.21-800x533.jpeg?ssl=1&w=75&resize=75&ssl=1 75w, https:\/\/i1.wp.com\/chacosintesis.com.ar\/wp-content\/uploads\/2024\/05\/WhatsApp-Image-2024-05-24-at-22.20.21-800x533.jpeg?ssl=1&w=100&resize=100&ssl=1 100w, https:\/\/i1.wp.com\/chacosintesis.com.ar\/wp-content\/uploads\/2024\/05\/WhatsApp-Image-2024-05-24-at-22.20.21-800x533.jpeg?ssl=1&w=150&resize=150&ssl=1 150w, https:\/\/i1.wp.com\/chacosintesis.com.ar\/wp-content\/uploads\/2024\/05\/WhatsApp-Image-2024-05-24-at-22.20.21-800x533.jpeg?ssl=1&w=240&resize=240&ssl=1 240w, https:\/\/i1.wp.com\/chacosintesis.com.ar\/wp-content\/uploads\/2024\/05\/WhatsApp-Image-2024-05-24-at-22.20.21-800x533.jpeg?ssl=1&w=320&resize=320&ssl=1 320w, https:\/\/i1.wp.com\/chacosintesis.com.ar\/wp-content\/uploads\/2024\/05\/WhatsApp-Image-2024-05-24-at-22.20.21-800x533.jpeg?ssl=1&w=500&resize=500&ssl=1 500w, https:\/\/i1.wp.com\/chacosintesis.com.ar\/wp-content\/uploads\/2024\/05\/WhatsApp-Image-2024-05-24-at-22.20.21-800x533.jpeg?ssl=1&w=640&resize=640&ssl=1 640w, https:\/\/i1.wp.com\/chacosintesis.com.ar\/wp-content\/uploads\/2024\/05\/WhatsApp-Image-2024-05-24-at-22.20.21-800x533.jpeg?ssl=1&w=800&resize=800&ssl=1 800w, https:\/\/i1.wp.com\/chacosintesis.com.ar\/wp-content\/uploads\/2024\/05\/WhatsApp-Image-2024-05-24-at-22.20.21-800x533.jpeg?ssl=1&w=1024&resize=1024&ssl=1 1024w, https:\/\/i1.wp.com\/chacosintesis.com.ar\/wp-content\/uploads\/2024\/05\/WhatsApp-Image-2024-05-24-at-22.20.21-800x533.jpeg?ssl=1&w=1280&resize=1280&ssl=1 1280w, https:\/\/i1.wp.com\/chacosintesis.com.ar\/wp-content\/uploads\/2024\/05\/WhatsApp-Image-2024-05-24-at-22.20.21-800x533.jpeg?ssl=1&w=1600&resize=1600&ssl=1 1600w\" fifu-data-src=\"https:\/\/i1.wp.com\/chacosintesis.com.ar\/wp-content\/uploads\/2024\/05\/WhatsApp-Image-2024-05-24-at-22.20.21-800x533.jpeg?ssl=1\" alt=\"\" width=\"800px\" height=\"533px\" class=\"alignnone size-medium wp-image-33981\" \/><\/p>\n<p>Durante el acto se hizo menci\u00f3n a que Martinet fue a fue protagonista de la creaci\u00f3n de la escuela N\u00ba 352 Victoria Waks y honrar su memoria significa reconocer el camino recorrido y su huella imborrable en nuestra historia y en la de generaciones futuras.<\/p>\n<p> &#8220;Somos saenzpe\u00f1enses y nuestra identidad y memoria est\u00e1n estrechamente vinculadas a nuestro pasado y a sus instituciones. Honramos la memoria de Don Juan Alfredo Martinet, un hombre que forma parte de la vida de nuestra ciudad, porque conocer la historia completa es valorar a cada uno en la medida de su intervenci\u00f3n&#8221;.<\/p>\n<p> La profesora de historia Noem\u00ed Castro y la secretaria de Cultura y Educaci\u00f3n Ciudadana, Alicia Ga\u00f1a hicieron uso de la palabra, ambas destacaron el legado de Don Aldredo Martinet y a Gregorio Coria quien fue el primer director de la Escuela Victoria Waks.<\/p>\n<p>Tambi\u00e9n hubo saludos por parte de familiares de la familia Martinet y Coria, quienes desde C\u00f3rdoba hicieron llegar el agradecimiento a la Municipalidad de Presidencia Roque S\u00e1enz Pe\u00f1a y a los directivos de las instituciones educativas que funcionan en el edificio, por el reconocimiento del legado dejado por ambos.<\/p><\/div>\n","protected":false},"excerpt":{"rendered":"<p>Por iniciativa de la Secretaria de Cultura y Educaci\u00f3n Ciudadana, Alicia Ga\u00f1a, en la tarde del viernes 24 de mayo, se realiz\u00f3 el descubrimiento de un t\u00f3tem conmemorativo para para honrar la memoria de Juan Alfredo Martinet y Greogrio Coria, quien fue el primer director de la Escuela N\u00b0352 Victoria Waks. En la oportunidad se [&hellip;]<\/p>\n","protected":false},"author":1,"featured_media":33980,"comment_status":"closed","ping_status":"closed","sticky":false,"template":"","format":"standard","meta":{"footnotes":""},"categories":[6],"tags":[],"class_list":{"0":"post-33979","1":"post","2":"type-post","3":"status-publish","4":"format-standard","5":"has-post-thumbnail","7":"category-chaco"},"_links":{"self":[{"href":"https:\/\/chacosintesis.com.ar\/index.php\/wp-json\/wp\/v2\/posts\/33979","targetHints":{"allow":["GET"]}}],"collection":[{"href":"https:\/\/chacosintesis.com.ar\/index.php\/wp-json\/wp\/v2\/posts"}],"about":[{"href":"https:\/\/chacosintesis.com.ar\/index.php\/wp-json\/wp\/v2\/types\/post"}],"author":[{"embeddable":true,"href":"https:\/\/chacosintesis.com.ar\/index.php\/wp-json\/wp\/v2\/users\/1"}],"replies":[{"embeddable":true,"href":"https:\/\/chacosintesis.com.ar\/index.php\/wp-json\/wp\/v2\/comments?post=33979"}],"version-history":[{"count":0,"href":"https:\/\/chacosintesis.com.ar\/index.php\/wp-json\/wp\/v2\/posts\/33979\/revisions"}],"wp:featuredmedia":[{"embeddable":true,"href":"https:\/\/chacosintesis.com.ar\/index.php\/wp-json\/wp\/v2\/media\/33980"}],"wp:attachment":[{"href":"https:\/\/chacosintesis.com.ar\/index.php\/wp-json\/wp\/v2\/media?parent=33979"}],"wp:term":[{"taxonomy":"category","embeddable":true,"href":"https:\/\/chacosintesis.com.ar\/index.php\/wp-json\/wp\/v2\/categories?post=33979"},{"taxonomy":"post_tag","embeddable":true,"href":"https:\/\/chacosintesis.com.ar\/index.php\/wp-json\/wp\/v2\/tags?post=33979"}],"curies":[{"name":"wp","href":"https:\/\/api.w.org\/{rel}","templated":true}]}}