{"id":33963,"date":"2024-05-24T15:08:38","date_gmt":"2024-05-24T18:08:38","guid":{"rendered":"https:\/\/chacosintesis.com.ar\/?p=33963"},"modified":"2024-05-24T15:13:03","modified_gmt":"2024-05-24T18:13:03","slug":"saenz-pena-fue-sede-de-las-jornadas-y-talleres-de-formacion-de-equipos-de-salud-en-enfermedades-transmitidas-por-mosquitos","status":"publish","type":"post","link":"https:\/\/chacosintesis.com.ar\/index.php\/saenz-pena-fue-sede-de-las-jornadas-y-talleres-de-formacion-de-equipos-de-salud-en-enfermedades-transmitidas-por-mosquitos\/","title":{"rendered":"S\u00e1enz Pe\u00f1a fue sede de las jornadas y talleres de formaci\u00f3n de equipos de salud en enfermedades transmitidas por mosquitos"},"content":{"rendered":"<div class=\"postie-post\">Con la participaci\u00f3n de agentes, equipos y referentes de salud de las Regiones Sanitarias 1, 4, 5 y 7, se realizaron las jornadas de formaci\u00f3n de en enfermedades transmitidas por mosquitos y enfermedades relacionadas a arbovirosis.<\/p>\n<p> Las capacitaciones estuvieron a cargo de m\u00e9dicos de la Organizaci\u00f3n Panamericana de la Salud, Joshua Wong especialista en control y prevenci\u00f3n del Dengue, Eliana Vega Barbato del grupo T\u00e9cnico Asesor Arbovirus y  Florencia P\u00e9rez epidemi\u00f3loga consultora t\u00e9cnica de la OPS.<\/p>\n<p> Durante esa jornada se habl\u00f3 del control qu\u00edmico  de los tipos y usos de maquinarias del tratamiento focal de los tipos de recipientes del control f\u00edsico y biol\u00f3gico de las planillas de terreno, la modalidad el registro. Tambi\u00e9n del seguimiento de pacientes y las notificaciones de casos.<\/p>\n<p>Adem\u00e1s, se habl\u00f3 de lo importante que es participar no solo para continuar la formaci\u00f3n, sino tambi\u00e9n para plantear acciones necesarias en la tem\u00e1tica que ayude a los equipos y al trabajo de terreno.<\/p>\n<p>En la oportunidad se cont\u00f3 con la participaci\u00f3n del equipo de bloqueo de foco del municipio, el intendente Bruno Cipolini, la directora general de Regiones Sanitarias doctora Mariela Mercad\u00edn, representantes del Ministerio de Salud de la provincia y autoridades del Hospital 4 de Junio.<\/p><\/div>\n","protected":false},"excerpt":{"rendered":"<p>Con la participaci\u00f3n de agentes, equipos y referentes de salud de las Regiones Sanitarias 1, 4, 5 y 7, se realizaron las jornadas de formaci\u00f3n de en enfermedades transmitidas por mosquitos y enfermedades relacionadas a arbovirosis. Las capacitaciones estuvieron a cargo de m\u00e9dicos de la Organizaci\u00f3n Panamericana de la Salud, Joshua Wong especialista en control [&hellip;]<\/p>\n","protected":false},"author":1,"featured_media":33964,"comment_status":"closed","ping_status":"closed","sticky":false,"template":"","format":"standard","meta":{"footnotes":""},"categories":[6],"tags":[],"class_list":{"0":"post-33963","1":"post","2":"type-post","3":"status-publish","4":"format-standard","5":"has-post-thumbnail","7":"category-chaco"},"_links":{"self":[{"href":"https:\/\/chacosintesis.com.ar\/index.php\/wp-json\/wp\/v2\/posts\/33963","targetHints":{"allow":["GET"]}}],"collection":[{"href":"https:\/\/chacosintesis.com.ar\/index.php\/wp-json\/wp\/v2\/posts"}],"about":[{"href":"https:\/\/chacosintesis.com.ar\/index.php\/wp-json\/wp\/v2\/types\/post"}],"author":[{"embeddable":true,"href":"https:\/\/chacosintesis.com.ar\/index.php\/wp-json\/wp\/v2\/users\/1"}],"replies":[{"embeddable":true,"href":"https:\/\/chacosintesis.com.ar\/index.php\/wp-json\/wp\/v2\/comments?post=33963"}],"version-history":[{"count":0,"href":"https:\/\/chacosintesis.com.ar\/index.php\/wp-json\/wp\/v2\/posts\/33963\/revisions"}],"wp:featuredmedia":[{"embeddable":true,"href":"https:\/\/chacosintesis.com.ar\/index.php\/wp-json\/wp\/v2\/media\/33964"}],"wp:attachment":[{"href":"https:\/\/chacosintesis.com.ar\/index.php\/wp-json\/wp\/v2\/media?parent=33963"}],"wp:term":[{"taxonomy":"category","embeddable":true,"href":"https:\/\/chacosintesis.com.ar\/index.php\/wp-json\/wp\/v2\/categories?post=33963"},{"taxonomy":"post_tag","embeddable":true,"href":"https:\/\/chacosintesis.com.ar\/index.php\/wp-json\/wp\/v2\/tags?post=33963"}],"curies":[{"name":"wp","href":"https:\/\/api.w.org\/{rel}","templated":true}]}}