{"id":33947,"date":"2024-05-24T08:36:22","date_gmt":"2024-05-24T11:36:22","guid":{"rendered":"https:\/\/chacosintesis.com.ar\/?p=33947"},"modified":"2024-05-24T08:37:15","modified_gmt":"2024-05-24T11:37:15","slug":"el-programa-municipal-amamos-saenz-pena-continua-recorriendo-las-escuelas","status":"publish","type":"post","link":"https:\/\/chacosintesis.com.ar\/index.php\/el-programa-municipal-amamos-saenz-pena-continua-recorriendo-las-escuelas\/","title":{"rendered":"El programa municipal \u201cAmamos S\u00e1enz Pe\u00f1a\u201d contin\u00faa recorriendo las escuelas"},"content":{"rendered":"<div class=\"postie-post\">En la ma\u00f1ana del jueves se realiz\u00f3 una nueva charla, en el marco del programa municipal \u201cAmamos S\u00e1enz Pe\u00f1a\u201d, en esta oportunidad fueron los alumnos de  la Escuela 136 quienes participaron de la misma.<\/p>\n<p> Esta actividad a cargo del secretario de Gesti\u00f3n y Articulaci\u00f3n Educativa Pedro Egea y el diputado nacional Gerardo Cipolini, est\u00e1 debidamente autorizada por la Regional Educativa IVA y tiene como objetivo que los ni\u00f1os y adolescentes conozcan un poco m\u00e1s sobre Presidencia Roque S\u00e1enz Pe\u00f1a, una vez finalizada la charla reciben como obsequio una bandera de la ciudad.<\/p>\n<p> Se debe remarcar que el programa tiene como objetivo transmitir el conocimiento de la historia local a alumnos de 5\u00ba grado del nivel primario y 5\u00ba a\u00f1o del secundario. Los temas a tratar son: Origen y conformaci\u00f3n social, pol\u00edtica, econ\u00f3mica y cultural de Presidencia Roque S\u00e1enz Pe\u00f1a; Evoluci\u00f3n de las instituciones econ\u00f3micas y culturales desde 1912; desarrollo urban\u00edstico y ambiental de la ciudad.<\/p>\n<p> La iniciativa prev\u00e9 que semanalmente se recorran los establecimientos educativos de acuerdo a un cronograma establecido con la Regional Educativa y Supervisores.<\/p><\/div>\n","protected":false},"excerpt":{"rendered":"<p>En la ma\u00f1ana del jueves se realiz\u00f3 una nueva charla, en el marco del programa municipal \u201cAmamos S\u00e1enz Pe\u00f1a\u201d, en esta oportunidad fueron los alumnos de la Escuela 136 quienes participaron de la misma. Esta actividad a cargo del secretario de Gesti\u00f3n y Articulaci\u00f3n Educativa Pedro Egea y el diputado nacional Gerardo Cipolini, est\u00e1 debidamente [&hellip;]<\/p>\n","protected":false},"author":1,"featured_media":33948,"comment_status":"closed","ping_status":"closed","sticky":false,"template":"","format":"standard","meta":{"footnotes":""},"categories":[6],"tags":[],"class_list":{"0":"post-33947","1":"post","2":"type-post","3":"status-publish","4":"format-standard","5":"has-post-thumbnail","7":"category-chaco"},"_links":{"self":[{"href":"https:\/\/chacosintesis.com.ar\/index.php\/wp-json\/wp\/v2\/posts\/33947","targetHints":{"allow":["GET"]}}],"collection":[{"href":"https:\/\/chacosintesis.com.ar\/index.php\/wp-json\/wp\/v2\/posts"}],"about":[{"href":"https:\/\/chacosintesis.com.ar\/index.php\/wp-json\/wp\/v2\/types\/post"}],"author":[{"embeddable":true,"href":"https:\/\/chacosintesis.com.ar\/index.php\/wp-json\/wp\/v2\/users\/1"}],"replies":[{"embeddable":true,"href":"https:\/\/chacosintesis.com.ar\/index.php\/wp-json\/wp\/v2\/comments?post=33947"}],"version-history":[{"count":0,"href":"https:\/\/chacosintesis.com.ar\/index.php\/wp-json\/wp\/v2\/posts\/33947\/revisions"}],"wp:featuredmedia":[{"embeddable":true,"href":"https:\/\/chacosintesis.com.ar\/index.php\/wp-json\/wp\/v2\/media\/33948"}],"wp:attachment":[{"href":"https:\/\/chacosintesis.com.ar\/index.php\/wp-json\/wp\/v2\/media?parent=33947"}],"wp:term":[{"taxonomy":"category","embeddable":true,"href":"https:\/\/chacosintesis.com.ar\/index.php\/wp-json\/wp\/v2\/categories?post=33947"},{"taxonomy":"post_tag","embeddable":true,"href":"https:\/\/chacosintesis.com.ar\/index.php\/wp-json\/wp\/v2\/tags?post=33947"}],"curies":[{"name":"wp","href":"https:\/\/api.w.org\/{rel}","templated":true}]}}