{"id":33943,"date":"2024-05-24T08:29:22","date_gmt":"2024-05-24T11:29:22","guid":{"rendered":"https:\/\/chacosintesis.com.ar\/?p=33943"},"modified":"2024-05-24T08:32:28","modified_gmt":"2024-05-24T11:32:28","slug":"murio-el-presidente-de-la-federacion-agraria-en-un-accidente-de-transito","status":"publish","type":"post","link":"https:\/\/chacosintesis.com.ar\/index.php\/murio-el-presidente-de-la-federacion-agraria-en-un-accidente-de-transito\/","title":{"rendered":"Muri\u00f3 el presidente de la Federaci\u00f3n Agraria, en un accidente de tr\u00e1nsito"},"content":{"rendered":"<div class=\"postie-post\">El presidente de la Federaci\u00f3n Agraria Argentina falleci\u00f3 este viernes por la madrugada en un accidente automovil\u00edstico<br \/>\n El presidente de la Federaci\u00f3n Agraria Argentina (FAA), Carlos Achetoni, falleci\u00f3 esta madrugada en un accidente de tr\u00e1nsito que sufri\u00f3 cuando circulaba en su veh\u00edculo. As\u00ed fue informado desde la entidad que lideraba horas despu\u00e9s, en la ma\u00f1ana de este viernes.<br \/>\n\u201cFederaci\u00f3n Agraria Argentina lamenta informar el fallecimiento esta madrugada de su presidente, Carlos Achetoni, en un accidente automovil\u00edstico. Este desgraciado acontecimiento enluta y entristece a la conducci\u00f3n y a todos los federados\u201d, contaron en un comunicado que publicaron en sus redes sociales.<\/p>\n<p>\u201cDesde la entidad acompa\u00f1amos y abrazamos a Mary, sus hijos y toda su familia en estos momentos tan devastadores\u201d, acotaron en la nota de prensa y para cerrar dijeron: \u201cSiempre lo recordaremos luchando por los peque\u00f1os y medianos productores y las econom\u00edas regionales, que tanto y tan bien ha representado\u201d.<br \/>\nEl dirigente que tom\u00f3 mayor trascendencia p\u00fablica desde la pelea del campo con el kirchnerismo por la Resoluci\u00f3n 125 circulaba en un Fiat Palio que impact\u00f3 con la parte de atr\u00e1s de un cami\u00f3n que transportaba man\u00ed. El siniestro ocurri\u00f3 en el kil\u00f3metro 304 de la ruta nacional 188 entre las localidades bonaerenses de Ameghino y Coronel Granada, de acuerdo a lo que detall\u00f3 el portal La Br\u00fajula Web.<br \/>\nDIARIO 22<\/p><\/div>\n","protected":false},"excerpt":{"rendered":"<p>El presidente de la Federaci\u00f3n Agraria Argentina falleci\u00f3 este viernes por la madrugada en un accidente automovil\u00edstico El presidente de la Federaci\u00f3n Agraria Argentina (FAA), Carlos Achetoni, falleci\u00f3 esta madrugada en un accidente de tr\u00e1nsito que sufri\u00f3 cuando circulaba en su veh\u00edculo. As\u00ed fue informado desde la entidad que lideraba horas despu\u00e9s, en la ma\u00f1ana [&hellip;]<\/p>\n","protected":false},"author":1,"featured_media":33944,"comment_status":"closed","ping_status":"closed","sticky":false,"template":"","format":"standard","meta":{"footnotes":""},"categories":[6],"tags":[],"class_list":{"0":"post-33943","1":"post","2":"type-post","3":"status-publish","4":"format-standard","5":"has-post-thumbnail","7":"category-chaco"},"_links":{"self":[{"href":"https:\/\/chacosintesis.com.ar\/index.php\/wp-json\/wp\/v2\/posts\/33943","targetHints":{"allow":["GET"]}}],"collection":[{"href":"https:\/\/chacosintesis.com.ar\/index.php\/wp-json\/wp\/v2\/posts"}],"about":[{"href":"https:\/\/chacosintesis.com.ar\/index.php\/wp-json\/wp\/v2\/types\/post"}],"author":[{"embeddable":true,"href":"https:\/\/chacosintesis.com.ar\/index.php\/wp-json\/wp\/v2\/users\/1"}],"replies":[{"embeddable":true,"href":"https:\/\/chacosintesis.com.ar\/index.php\/wp-json\/wp\/v2\/comments?post=33943"}],"version-history":[{"count":0,"href":"https:\/\/chacosintesis.com.ar\/index.php\/wp-json\/wp\/v2\/posts\/33943\/revisions"}],"wp:featuredmedia":[{"embeddable":true,"href":"https:\/\/chacosintesis.com.ar\/index.php\/wp-json\/wp\/v2\/media\/33944"}],"wp:attachment":[{"href":"https:\/\/chacosintesis.com.ar\/index.php\/wp-json\/wp\/v2\/media?parent=33943"}],"wp:term":[{"taxonomy":"category","embeddable":true,"href":"https:\/\/chacosintesis.com.ar\/index.php\/wp-json\/wp\/v2\/categories?post=33943"},{"taxonomy":"post_tag","embeddable":true,"href":"https:\/\/chacosintesis.com.ar\/index.php\/wp-json\/wp\/v2\/tags?post=33943"}],"curies":[{"name":"wp","href":"https:\/\/api.w.org\/{rel}","templated":true}]}}