{"id":33929,"date":"2024-05-23T14:10:01","date_gmt":"2024-05-23T17:10:01","guid":{"rendered":"https:\/\/chacosintesis.com.ar\/?p=33929"},"modified":"2024-05-23T14:10:09","modified_gmt":"2024-05-23T17:10:09","slug":"carim-peche-promueve-la-concientizacion-sobre-la-celiaquia-en-las-escuelas","status":"publish","type":"post","link":"https:\/\/chacosintesis.com.ar\/index.php\/carim-peche-promueve-la-concientizacion-sobre-la-celiaquia-en-las-escuelas\/","title":{"rendered":"Carim Peche promueve la concientizaci\u00f3n sobre la celiaqu\u00eda en las escuelas"},"content":{"rendered":"\n<p>El diputado provincial de la UCR, Carim Peche, present\u00f3 un proyecto de Ley para crear el programa provincial \u201cSomos Iguales\u201d\u201d, con el fin de implementar en escuelas primarias y secundarias jornadas de concientizaci\u00f3n sobre la celiaqu\u00eda. La idea es desarrollarlas durante el mes de mayo de cada a\u00f1o en coincidencia con el D\u00eda Internacional del Cel\u00edaco que se conmemora el 5 de mayo de cada a\u00f1o, y el Mes Nacional de Concientizaci\u00f3n acerca de la Enfermedad Celiaca en todos los establecimientos de nivel primario y secundario, en instituciones de gesti\u00f3n p\u00fablica, privada y\/o p\u00fablica de gesti\u00f3n privada.<br>Consultado sobre esta iniciativa Peche se\u00f1al\u00f3 \u201cEl objetivo es visibilizar y concientizar sobre la enfermedad cel\u00edaca como as\u00ed tambi\u00e9n erradicar toda pr\u00e1ctica de discriminaci\u00f3n mediante la realizaci\u00f3n de disertaciones a cargo de profesionales especialistas, jornadas, talleres, debates y otras actividades, la celiaqu\u00eda es una enfermedad cr\u00f3nica que puede aparecer en\u00a0cualquier momento de la vida desde que se incorpora gluten a la alimentaci\u00f3n (TACC: trigo, avena, cebada y centeno hasta la adultez avanzada\u201d<br>Y record\u00f3 que \u201cEn Argentina se estima que 1 de cada 167 personas adultas son cel\u00edacas, mientras que en la ni\u00f1ez la prevalencia es a\u00fan mayor, 1 de cada 79, muchos de ellos lo desconocen y atribuyen sus malestares a otras patolog\u00edas precisamente por falta de informaci\u00f3n y en consecuencia de consulta m\u00e9dica, esta condici\u00f3n conduce a que no se realicen los estudios correspondientes que permitan brindar un diagn\u00f3stico temprano y certero, y est\u00e1 el caso de los cel\u00edacos asintom\u00e1ticos, o de personas que sin ser cel\u00edacas presentan intolerancia al gluten, por eso es muy importante concientizar sobre esta enfermedad que es m\u00e1s com\u00fan de lo que la mayor\u00eda cree\u201d<br>Peche remarc\u00f3 \u201cOtro de los objetivos que persigue este proyecto de Ley es erradicar la discriminaci\u00f3n, el bullying que sufren ni\u00f1os, ni\u00f1as y adolescentes al momento de tener una alimentaci\u00f3n diferenciada, ya sea cuando desean consumir alg\u00fan alimento en la escuela, o ir a un cumplea\u00f1os, una salida con amigos, reuniones familiares, etc, el impacto emocional es realmente significativo, el \u00faltimo \u201cMapa de la discriminaci\u00f3n\u201d elaborado por el INADI en 2019 revela que el 41% de los casos se presentan en el sistema educativo, y en cuanto a c\u00f3mo deber\u00eda actuar el Estado frente a estas pr\u00e1cticas, se\u00f1ala con un 47% la incorporaci\u00f3n del tema en las escuelas, por lo tanto creo que la informaci\u00f3n y en consecuencia la concientizaci\u00f3n son el camino para derribar todas estas barreras que atentan contra la salud f\u00edsica y emocional de las personas\u201d.<\/p>\n","protected":false},"excerpt":{"rendered":"<p>El diputado provincial de la UCR, Carim Peche, present\u00f3 un proyecto de Ley para crear el programa provincial \u201cSomos Iguales\u201d\u201d, con el fin de implementar en escuelas primarias y secundarias jornadas de concientizaci\u00f3n sobre la celiaqu\u00eda. La idea es desarrollarlas durante el mes de mayo de cada a\u00f1o en coincidencia con el D\u00eda Internacional del [&hellip;]<\/p>\n","protected":false},"author":1,"featured_media":33930,"comment_status":"closed","ping_status":"closed","sticky":false,"template":"","format":"standard","meta":{"footnotes":""},"categories":[6],"tags":[],"class_list":{"0":"post-33929","1":"post","2":"type-post","3":"status-publish","4":"format-standard","5":"has-post-thumbnail","7":"category-chaco"},"_links":{"self":[{"href":"https:\/\/chacosintesis.com.ar\/index.php\/wp-json\/wp\/v2\/posts\/33929","targetHints":{"allow":["GET"]}}],"collection":[{"href":"https:\/\/chacosintesis.com.ar\/index.php\/wp-json\/wp\/v2\/posts"}],"about":[{"href":"https:\/\/chacosintesis.com.ar\/index.php\/wp-json\/wp\/v2\/types\/post"}],"author":[{"embeddable":true,"href":"https:\/\/chacosintesis.com.ar\/index.php\/wp-json\/wp\/v2\/users\/1"}],"replies":[{"embeddable":true,"href":"https:\/\/chacosintesis.com.ar\/index.php\/wp-json\/wp\/v2\/comments?post=33929"}],"version-history":[{"count":0,"href":"https:\/\/chacosintesis.com.ar\/index.php\/wp-json\/wp\/v2\/posts\/33929\/revisions"}],"wp:featuredmedia":[{"embeddable":true,"href":"https:\/\/chacosintesis.com.ar\/index.php\/wp-json\/wp\/v2\/media\/33930"}],"wp:attachment":[{"href":"https:\/\/chacosintesis.com.ar\/index.php\/wp-json\/wp\/v2\/media?parent=33929"}],"wp:term":[{"taxonomy":"category","embeddable":true,"href":"https:\/\/chacosintesis.com.ar\/index.php\/wp-json\/wp\/v2\/categories?post=33929"},{"taxonomy":"post_tag","embeddable":true,"href":"https:\/\/chacosintesis.com.ar\/index.php\/wp-json\/wp\/v2\/tags?post=33929"}],"curies":[{"name":"wp","href":"https:\/\/api.w.org\/{rel}","templated":true}]}}